{"id":195495,"date":"2020-07-12T13:53:53","date_gmt":"2020-07-12T16:53:53","guid":{"rendered":"https:\/\/www.redenoticia.com.br\/noticia\/?p=195495"},"modified":"2020-07-12T13:53:53","modified_gmt":"2020-07-12T16:53:53","slug":"resumo-eta-mundo-bom-13-07-candinho-questiona-filomena-sobre-seu-bebe","status":"publish","type":"post","link":"https:\/\/migracao.redenoticia.com.br\/noticia\/2020\/resumo-eta-mundo-bom-13-07-candinho-questiona-filomena-sobre-seu-bebe\/195495","title":{"rendered":"Resumo \u201cEta Mundo Bom\u201d 13\/07: Candinho questiona Filomena sobre seu beb\u00ea"},"content":{"rendered":"<p> <img loading=\"lazy\" decoding=\"async\" class=\"aligncenter size-full wp-image-192794\" src=\"https:\/\/migracao.redenoticia.com.br\/noticia\/imagens\/eta-mundo-bom-fazenda.jpg\" alt=\"\" width=\"502\" height=\"460\" srcset=\"https:\/\/migracao.redenoticia.com.br\/noticia\/imagens\/eta-mundo-bom-fazenda.jpg 502w, https:\/\/migracao.redenoticia.com.br\/noticia\/imagens\/eta-mundo-bom-fazenda-204x187.jpg 204w, https:\/\/migracao.redenoticia.com.br\/noticia\/imagens\/eta-mundo-bom-fazenda-327x300.jpg 327w, https:\/\/migracao.redenoticia.com.br\/noticia\/imagens\/eta-mundo-bom-fazenda-153x140.jpg 153w, https:\/\/migracao.redenoticia.com.br\/noticia\/imagens\/eta-mundo-bom-fazenda-93x85.jpg 93w\" sizes=\"auto, (max-width: 502px) 100vw, 502px\" \/><\/p>\n<p><strong><em>Resumo novela \u201cEta Mundo Bom\u201d 13\/07<\/em><\/strong>: no cap\u00edtulo 056(*) da novela, segunda-feira, 13 de julho, Cunegundes confessa que jamais gostou de Candinho e Anast\u00e1cia a expulsa de casa. Z\u00e9 dos Porcos e Manuela comemoram as mudan\u00e7as na fazenda. Tobias promete ajudar Emma a cozinhar para Narcisa e Lauro. Diana pede que Diva deixe sua casa.<\/p>\n<p>Anast\u00e1cia agradece Eponina e Manuela por cuidarem de Candinho. Gerusa afirma saber que tem uma doen\u00e7a grave. Maria revela a Candinho que Filomena est\u00e1 gr\u00e1vida. Candinho questiona Filomena sobre a paternidade de seu beb\u00ea.<\/p>\n<p>Filomena n\u00e3o responde e Candinho acredita que o beb\u00ea seja de Ernesto. Sandra planeja atentar contra a vida de Candinho no dia de seu casamento. Candinho exige que Ernesto procure Filomena.<\/p>\n<p>Filomena explica a Clarice por que n\u00e3o contou a verdade sobre seu filho a Candinho. Sandra diz a Romeu que Mafalda voltou para a fazenda. Pancr\u00e1cio sugere que Romeu leve seu dinheiro at\u00e9 Cunegundes. Josias, Z\u00e9 dos Porcos e Manuela avisam que o banco de In\u00e1cio se apossou da fazenda de Cunegundes.<\/p>\n<p>(*) edi\u00e7\u00e3o das novelas da Globo, \u201cEta Mundo Bom\u201d, sujeito a altera\u00e7\u00e3o de data e conte\u00fado.<\/p>\n<p>&#8220;Eta Mundo Bom&#8221; \u00e9 ambientada em 1948. A trama conta a hist\u00f3ria de Candinho (S\u00e9rgio Guiz\u00e9), que foi separado da m\u00e3e logo ap\u00f3s seu nascimento e foi acolhido pelo casal Cunegundes (Elizabeth Savalla) e Quinzinho (Ary Fontoura), donos da decadente fazenda Dom Pedro II, perto da cidade fict\u00edcia de Piracema, por volta dos anos 20.<\/p>\n","protected":false},"excerpt":{"rendered":"<p>Resumo novela \u201cEta Mundo Bom\u201d 13\/07: no cap\u00edtulo 056(*) da novela, segunda-feira, 13 de julho, Cunegundes confessa que jamais gostou de Candinho e Anast\u00e1cia a expulsa de casa. Z\u00e9 dos Porcos e Manuela comemoram as mudan\u00e7as na fazenda. Tobias promete ajudar Emma a cozinhar para Narcisa e Lauro. Diana pede que Diva deixe sua casa. [&hellip;]<\/p>\n","protected":false},"author":2,"featured_media":195144,"comment_status":"closed","ping_status":"closed","sticky":false,"template":"","format":"standard","meta":{"tdm_status":"","tdm_grid_status":"","footnotes":""},"categories":[558,379,375,2025,343],"tags":[441],"class_list":{"0":"post-195495","1":"post","2":"type-post","3":"status-publish","4":"format-standard","5":"has-post-thumbnail","7":"category-eta-mundo-bom","8":"category-novelas","9":"category-rede-globo","10":"category-resumo","11":"category-televisao","12":"tag-resumo-do-dia"},"_links":{"self":[{"href":"https:\/\/migracao.redenoticia.com.br\/noticia\/wp-json\/wp\/v2\/posts\/195495","targetHints":{"allow":["GET"]}}],"collection":[{"href":"https:\/\/migracao.redenoticia.com.br\/noticia\/wp-json\/wp\/v2\/posts"}],"about":[{"href":"https:\/\/migracao.redenoticia.com.br\/noticia\/wp-json\/wp\/v2\/types\/post"}],"author":[{"embeddable":true,"href":"https:\/\/migracao.redenoticia.com.br\/noticia\/wp-json\/wp\/v2\/users\/2"}],"replies":[{"embeddable":true,"href":"https:\/\/migracao.redenoticia.com.br\/noticia\/wp-json\/wp\/v2\/comments?post=195495"}],"version-history":[{"count":0,"href":"https:\/\/migracao.redenoticia.com.br\/noticia\/wp-json\/wp\/v2\/posts\/195495\/revisions"}],"wp:featuredmedia":[{"embeddable":true,"href":"https:\/\/migracao.redenoticia.com.br\/noticia\/wp-json\/wp\/v2\/media\/195144"}],"wp:attachment":[{"href":"https:\/\/migracao.redenoticia.com.br\/noticia\/wp-json\/wp\/v2\/media?parent=195495"}],"wp:term":[{"taxonomy":"category","embeddable":true,"href":"https:\/\/migracao.redenoticia.com.br\/noticia\/wp-json\/wp\/v2\/categories?post=195495"},{"taxonomy":"post_tag","embeddable":true,"href":"https:\/\/migracao.redenoticia.com.br\/noticia\/wp-json\/wp\/v2\/tags?post=195495"}],"curies":[{"name":"wp","href":"https:\/\/api.w.org\/{rel}","templated":true}]}}