{"id":195497,"date":"2020-07-12T13:51:11","date_gmt":"2020-07-12T16:51:11","guid":{"rendered":"https:\/\/www.redenoticia.com.br\/noticia\/?p=195497"},"modified":"2020-07-12T13:54:25","modified_gmt":"2020-07-12T16:54:25","slug":"resumo-novela-o-que-a-vida-me-roubou-13-07-jose-luis-e-afastado-da-marinha","status":"publish","type":"post","link":"https:\/\/migracao.redenoticia.com.br\/noticia\/2020\/resumo-novela-o-que-a-vida-me-roubou-13-07-jose-luis-e-afastado-da-marinha\/195497","title":{"rendered":"Resumo novela \u201cO Que A Vida Me Roubou\u201d 13\/07: Jos\u00e9 Lu\u00eds \u00e9 afastado da marinha"},"content":{"rendered":"<p> <img loading=\"lazy\" decoding=\"async\" class=\"aligncenter size-full wp-image-191122\" src=\"https:\/\/migracao.redenoticia.com.br\/noticia\/imagens\/o-que-a-vida-me-roubou-elenco.jpg\" alt=\"\" width=\"693\" height=\"576\" srcset=\"https:\/\/migracao.redenoticia.com.br\/noticia\/imagens\/o-que-a-vida-me-roubou-elenco.jpg 693w, https:\/\/migracao.redenoticia.com.br\/noticia\/imagens\/o-que-a-vida-me-roubou-elenco-225x187.jpg 225w, https:\/\/migracao.redenoticia.com.br\/noticia\/imagens\/o-que-a-vida-me-roubou-elenco-361x300.jpg 361w, https:\/\/migracao.redenoticia.com.br\/noticia\/imagens\/o-que-a-vida-me-roubou-elenco-168x140.jpg 168w, https:\/\/migracao.redenoticia.com.br\/noticia\/imagens\/o-que-a-vida-me-roubou-elenco-102x85.jpg 102w\" sizes=\"auto, (max-width: 693px) 100vw, 693px\" \/><\/p>\n<p><strong><em>Resumo da novela \u201cO Que A Vida Me Roubou\u201d<\/em><\/strong> em 13\/07: no cap\u00edtulo 061(*) da novela, segunda-feira, 13 de julho, o cap\u00edtulo 061, segunda-feira, 13 de julho &#8211; Jos\u00e9 Lu\u00eds diz a Renato e Dem\u00e9trio que o capit\u00e3o Robledo o afastar\u00e1 da marinha. Renato responde que isso \u00e9 injusto. Jos\u00e9 diz que cometeu um delito e ter\u00e1 que pag\u00e1-lo. Pedro, furioso, diz a N\u00e1dia e Victor que foi muito tolerante com eles, mas as coisas podem mudar. Ros\u00e1rio diz a Alessandro que Montserrat foi falar com o capit\u00e3o Robledo, para que o ajude em seu caso e na investiga\u00e7\u00e3o. Montserrat pede ao capit\u00e3o Robledo que investigue Pedro Medina, pois Joaquim deixou um bilhete, posteriormente roubado por Maria, que o comprometia.<\/p>\n<p>Ezequiel se enfurece, mas disfar\u00e7a quando Pedro lhe diz que Adolfo ocupar\u00e1 a prefeitura municipal quando ele se tornar governador. Ezequiel, furioso, adverte Adolfo que jamais ser\u00e1 prefeito, pois esse cargo corresponde a ele. Sandro entrega a Pedro o testamento de Benjamin Almonte que Fab\u00edola roubou. Jos\u00e9 Lu\u00eds diz a Alessandro que est\u00e1 fora da investiga\u00e7\u00e3o e tamb\u00e9m da marinha. O capit\u00e3o Robledo diz a Pedro que Jos\u00e9 Lu\u00eds cometeu um delito muito grave e Alessandro ficar\u00e1 em liberdade. Pedro, furioso, lhe diz que n\u00e3o pode fazer isso. O capit\u00e3o diz que \u00e9 claro que pode, pois sua palavra tem muito mais poder que a dele.<\/p>\n<p>(*) edi\u00e7\u00e3o das novelas do SBT, \u201cO Que A Vida Me Roubou\u201d, sujeito a altera\u00e7\u00e3o de data e conte\u00fado.<\/p>\n<p>Novela \u201cO Que A Vida Me Roubou\u201d: A hist\u00f3ria se passa em \u00c1gua Azul, onde Montserrat vive. Montserrat \u00e9 uma bela jovem socialite que sempre foi dominada por sua m\u00e3e Graziela, cuja \u00fanica preocupa\u00e7\u00e3o \u00e9 o seu elevado estatuto na sociedade, mesmo que a fam\u00edlia esteja financeiramente arruinada. Montserrat, apesar de fazer tudo o que sua m\u00e3e diz-lhe, secretamente mant\u00e9m um relacionamento com Jos\u00e9 Luis da marinha, com quem planeja se casar.<\/p>\n","protected":false},"excerpt":{"rendered":"<p>Resumo da novela \u201cO Que A Vida Me Roubou\u201d em 13\/07: no cap\u00edtulo 061(*) da novela, segunda-feira, 13 de julho, o cap\u00edtulo 061, segunda-feira, 13 de julho &#8211; Jos\u00e9 Lu\u00eds diz a Renato e Dem\u00e9trio que o capit\u00e3o Robledo o afastar\u00e1 da marinha. Renato responde que isso \u00e9 injusto. Jos\u00e9 diz que cometeu um delito [&hellip;]<\/p>\n","protected":false},"author":2,"featured_media":191123,"comment_status":"closed","ping_status":"closed","sticky":false,"template":"","format":"standard","meta":{"tdm_status":"","tdm_grid_status":"","footnotes":""},"categories":[379,2025,372,343],"tags":[441],"class_list":{"0":"post-195497","1":"post","2":"type-post","3":"status-publish","4":"format-standard","5":"has-post-thumbnail","7":"category-novelas","8":"category-resumo","9":"category-sbt","10":"category-televisao","11":"tag-resumo-do-dia"},"_links":{"self":[{"href":"https:\/\/migracao.redenoticia.com.br\/noticia\/wp-json\/wp\/v2\/posts\/195497","targetHints":{"allow":["GET"]}}],"collection":[{"href":"https:\/\/migracao.redenoticia.com.br\/noticia\/wp-json\/wp\/v2\/posts"}],"about":[{"href":"https:\/\/migracao.redenoticia.com.br\/noticia\/wp-json\/wp\/v2\/types\/post"}],"author":[{"embeddable":true,"href":"https:\/\/migracao.redenoticia.com.br\/noticia\/wp-json\/wp\/v2\/users\/2"}],"replies":[{"embeddable":true,"href":"https:\/\/migracao.redenoticia.com.br\/noticia\/wp-json\/wp\/v2\/comments?post=195497"}],"version-history":[{"count":0,"href":"https:\/\/migracao.redenoticia.com.br\/noticia\/wp-json\/wp\/v2\/posts\/195497\/revisions"}],"wp:featuredmedia":[{"embeddable":true,"href":"https:\/\/migracao.redenoticia.com.br\/noticia\/wp-json\/wp\/v2\/media\/191123"}],"wp:attachment":[{"href":"https:\/\/migracao.redenoticia.com.br\/noticia\/wp-json\/wp\/v2\/media?parent=195497"}],"wp:term":[{"taxonomy":"category","embeddable":true,"href":"https:\/\/migracao.redenoticia.com.br\/noticia\/wp-json\/wp\/v2\/categories?post=195497"},{"taxonomy":"post_tag","embeddable":true,"href":"https:\/\/migracao.redenoticia.com.br\/noticia\/wp-json\/wp\/v2\/tags?post=195497"}],"curies":[{"name":"wp","href":"https:\/\/api.w.org\/{rel}","templated":true}]}}