{"id":195511,"date":"2020-07-13T11:57:28","date_gmt":"2020-07-13T14:57:28","guid":{"rendered":"https:\/\/www.redenoticia.com.br\/noticia\/?p=195511"},"modified":"2020-07-13T11:57:28","modified_gmt":"2020-07-13T14:57:28","slug":"resumo-novela-betty-a-feia-em-nova-york-14-07-armando-e-preso-portentativa-de-homicidio","status":"publish","type":"post","link":"https:\/\/migracao.redenoticia.com.br\/noticia\/2020\/resumo-novela-betty-a-feia-em-nova-york-14-07-armando-e-preso-portentativa-de-homicidio\/195511","title":{"rendered":"Resumo novela \u201cBetty, a Feia em Nova York\u201d 14\/07: Armando \u00e9 preso portentativa de homic\u00eddio"},"content":{"rendered":"<p><img loading=\"lazy\" decoding=\"async\" class=\"aligncenter size-full wp-image-187572\" src=\"https:\/\/migracao.redenoticia.com.br\/noticia\/imagens\/betty-feia-ny.jpg\" alt=\"\" width=\"1280\" height=\"720\" srcset=\"https:\/\/migracao.redenoticia.com.br\/noticia\/imagens\/betty-feia-ny.jpg 1280w, https:\/\/migracao.redenoticia.com.br\/noticia\/imagens\/betty-feia-ny-250x140.jpg 250w, https:\/\/migracao.redenoticia.com.br\/noticia\/imagens\/betty-feia-ny-400x225.jpg 400w, https:\/\/migracao.redenoticia.com.br\/noticia\/imagens\/betty-feia-ny-768x432.jpg 768w, https:\/\/migracao.redenoticia.com.br\/noticia\/imagens\/betty-feia-ny-150x85.jpg 150w, https:\/\/migracao.redenoticia.com.br\/noticia\/imagens\/betty-feia-ny-696x392.jpg 696w\" sizes=\"auto, (max-width: 1280px) 100vw, 1280px\" \/><\/p>\n<p><em><strong>Resumo novela \u201cBetty, a Feia em Nova York\u201d 14\/07<\/strong><\/em>: no cap\u00edtulo 123(*) da novela, ter\u00e7a-feira, 14 de julho, Marcela comenta com Mal\u00fa que Armando guardava uma arma no cofre. Decidido a conseguir a guarda dos filhos, Efrain leva seus advogados at\u00e9 a casa de Sofia para \u201cdemonstrar\u201d que Charlie n\u00e3o cuida bem deles. Mata entra no quarto de Daniel no hospital e pega o travesseiro com a inten\u00e7\u00e3o de asfixi\u00e1-lo. Betty se surpreende quando Nicol\u00e1s leva Patr\u00edcia para jantar na sua casa. O delegado comunica a Armando que ficar\u00e1 preso sob a acusa\u00e7\u00e3o de tentativa de homic\u00eddio, pois encontraram a arma do crime no seu carro.<\/p>\n<p>(*) edi\u00e7\u00e3o das novelas do SBT, \u201cBetty, a Feia em Nova York\u201d, sujeito a altera\u00e7\u00e3o de data e conte\u00fado.<\/p>\n<p>Sinopse \u201cBetty, a Feia em Nova York\u201d: A historia gira entorno a Betty (Elyfer Torres), uma jovem mexicana inteligente e capaz que vive em Nova York na busca pelos sonhos superando os preju\u00edzos onde a imagem \u00e9 tudo. Depois de seis meses rejeitada e demitida de todos os trabalhos em raz\u00e3o da falta de atrativo f\u00edsico, Betty decide aceitar um trabalho muito abaixo de suas capacidades.Depois de ingressar na empresa V&amp;M Fashion, vira secret\u00e1ria pessoal do presidente da companhia.<\/p>\n<p>Apesar de ser ridicularizada e humilhada pela falta de estilo Betty est\u00e1 mais que disposta a n\u00e3o ser derrotada nesta implac\u00e1vel guerra de apar\u00eancias.Se no lado pessoal Betty \u00e9 exatamente competente e tem grandes planos para o crescimento pessoal, as suas poucas qualidades poder\u00e1 ajudar Betty a encontrar o verdadeiro amor.<\/p>\n","protected":false},"excerpt":{"rendered":"<p>Resumo novela \u201cBetty, a Feia em Nova York\u201d 14\/07: no cap\u00edtulo 123(*) da novela, ter\u00e7a-feira, 14 de julho, Marcela comenta com Mal\u00fa que Armando guardava uma arma no cofre. Decidido a conseguir a guarda dos filhos, Efrain leva seus advogados at\u00e9 a casa de Sofia para \u201cdemonstrar\u201d que Charlie n\u00e3o cuida bem deles. Mata entra [&hellip;]<\/p>\n","protected":false},"author":4,"featured_media":187571,"comment_status":"closed","ping_status":"closed","sticky":false,"template":"","format":"standard","meta":{"tdm_status":"","tdm_grid_status":"","footnotes":""},"categories":[379,372,343],"tags":[441],"class_list":{"0":"post-195511","1":"post","2":"type-post","3":"status-publish","4":"format-standard","5":"has-post-thumbnail","7":"category-novelas","8":"category-sbt","9":"category-televisao","10":"tag-resumo-do-dia"},"_links":{"self":[{"href":"https:\/\/migracao.redenoticia.com.br\/noticia\/wp-json\/wp\/v2\/posts\/195511","targetHints":{"allow":["GET"]}}],"collection":[{"href":"https:\/\/migracao.redenoticia.com.br\/noticia\/wp-json\/wp\/v2\/posts"}],"about":[{"href":"https:\/\/migracao.redenoticia.com.br\/noticia\/wp-json\/wp\/v2\/types\/post"}],"author":[{"embeddable":true,"href":"https:\/\/migracao.redenoticia.com.br\/noticia\/wp-json\/wp\/v2\/users\/4"}],"replies":[{"embeddable":true,"href":"https:\/\/migracao.redenoticia.com.br\/noticia\/wp-json\/wp\/v2\/comments?post=195511"}],"version-history":[{"count":0,"href":"https:\/\/migracao.redenoticia.com.br\/noticia\/wp-json\/wp\/v2\/posts\/195511\/revisions"}],"wp:featuredmedia":[{"embeddable":true,"href":"https:\/\/migracao.redenoticia.com.br\/noticia\/wp-json\/wp\/v2\/media\/187571"}],"wp:attachment":[{"href":"https:\/\/migracao.redenoticia.com.br\/noticia\/wp-json\/wp\/v2\/media?parent=195511"}],"wp:term":[{"taxonomy":"category","embeddable":true,"href":"https:\/\/migracao.redenoticia.com.br\/noticia\/wp-json\/wp\/v2\/categories?post=195511"},{"taxonomy":"post_tag","embeddable":true,"href":"https:\/\/migracao.redenoticia.com.br\/noticia\/wp-json\/wp\/v2\/tags?post=195511"}],"curies":[{"name":"wp","href":"https:\/\/api.w.org\/{rel}","templated":true}]}}