{"id":195513,"date":"2020-07-13T11:59:21","date_gmt":"2020-07-13T14:59:21","guid":{"rendered":"https:\/\/www.redenoticia.com.br\/noticia\/?p=195513"},"modified":"2020-07-13T11:59:21","modified_gmt":"2020-07-13T14:59:21","slug":"resumo-novela-o-que-a-vida-me-roubou-14-07-esmeralda-e-renato-se-casam","status":"publish","type":"post","link":"https:\/\/migracao.redenoticia.com.br\/noticia\/2020\/resumo-novela-o-que-a-vida-me-roubou-14-07-esmeralda-e-renato-se-casam\/195513","title":{"rendered":"Resumo novela \u201cO Que A Vida Me Roubou\u201d 14\/07:  Esmeralda e Renato se casam"},"content":{"rendered":"<p><img loading=\"lazy\" decoding=\"async\" class=\"aligncenter size-full wp-image-191122\" src=\"https:\/\/migracao.redenoticia.com.br\/noticia\/imagens\/o-que-a-vida-me-roubou-elenco.jpg\" alt=\"\" width=\"693\" height=\"576\" srcset=\"https:\/\/migracao.redenoticia.com.br\/noticia\/imagens\/o-que-a-vida-me-roubou-elenco.jpg 693w, https:\/\/migracao.redenoticia.com.br\/noticia\/imagens\/o-que-a-vida-me-roubou-elenco-225x187.jpg 225w, https:\/\/migracao.redenoticia.com.br\/noticia\/imagens\/o-que-a-vida-me-roubou-elenco-361x300.jpg 361w, https:\/\/migracao.redenoticia.com.br\/noticia\/imagens\/o-que-a-vida-me-roubou-elenco-168x140.jpg 168w, https:\/\/migracao.redenoticia.com.br\/noticia\/imagens\/o-que-a-vida-me-roubou-elenco-102x85.jpg 102w\" sizes=\"auto, (max-width: 693px) 100vw, 693px\" \/><\/p>\n<p><strong><em>Resumo da novela \u201cO Que A Vida Me Roubou\u201d<\/em><\/strong> em 14\/07: no cap\u00edtulo 062(*) da novela, ter\u00e7a-feira, 14 de julho, Ang\u00e9lica e Jos\u00e9 Lu\u00eds planejam o casamento de Esmeralda e Renato em um lindo jardim. Dem\u00e9trio chega a sua casa para avisar Josefina que ela precisar\u00e1 o acompanhar ao casamento de Renato, Josefina o pede tempo para se arrumar, Dem\u00e9trio responde que voltar\u00e1 para pega-la mais tarde. Graziela pergunta a Josefina onde est\u00e1 o vestido que ela lhe deu para passar. Josefina responde que n\u00e3o deu tempo de faz\u00ea-lo, pois tem pressa, j\u00e1 que sair\u00e1 com Dem\u00e9trio para um casamento importante. Graziela a ofende e diz que na festa, ela apenas envergonhar\u00e1 seu filho.<\/p>\n<p>Carlota convence Josefina a ir ao casamento e ela come\u00e7a a se arrumar. Sandro e Graziela est\u00e3o em um restaurante conversando sobre Josefina e Dem\u00e9trio. Sandro comenta que os \u201cMendon\u00e7a\u201d est\u00e3o a um passo da fal\u00eancia, por esse motivo que eles casaram Dem\u00e9trio com Josefina. Graziela nega o fato, zangada. Ofendem Esmeralda em plena cerim\u00f4nia e Renato se enfurece. Alessandro e Montserrat falam sobre o quanto Ang\u00e9lica e Jos\u00e9 Lu\u00eds s\u00e3o felizes, ao v\u00ea-los aos beijos. Montserrat, triste, diz que a d\u00f3i muito que Ang\u00e9lica desconhe\u00e7a que expulsaram Jos\u00e9 da marinha por um grave delito.<\/p>\n<p>(*) edi\u00e7\u00e3o das novelas do SBT, \u201cO Que A Vida Me Roubou\u201d, sujeito a altera\u00e7\u00e3o de data e conte\u00fado.<\/p>\n<p>Novela \u201cO Que A Vida Me Roubou\u201d: A hist\u00f3ria se passa em \u00c1gua Azul, onde Montserrat vive. Montserrat \u00e9 uma bela jovem socialite que sempre foi dominada por sua m\u00e3e Graziela, cuja \u00fanica preocupa\u00e7\u00e3o \u00e9 o seu elevado estatuto na sociedade, mesmo que a fam\u00edlia esteja financeiramente arruinada. Montserrat, apesar de fazer tudo o que sua m\u00e3e diz-lhe, secretamente mant\u00e9m um relacionamento com Jos\u00e9 Luis da marinha, com quem planeja se casar.<\/p>\n","protected":false},"excerpt":{"rendered":"<p>Resumo da novela \u201cO Que A Vida Me Roubou\u201d em 14\/07: no cap\u00edtulo 062(*) da novela, ter\u00e7a-feira, 14 de julho, Ang\u00e9lica e Jos\u00e9 Lu\u00eds planejam o casamento de Esmeralda e Renato em um lindo jardim. Dem\u00e9trio chega a sua casa para avisar Josefina que ela precisar\u00e1 o acompanhar ao casamento de Renato, Josefina o pede [&hellip;]<\/p>\n","protected":false},"author":4,"featured_media":191123,"comment_status":"closed","ping_status":"closed","sticky":false,"template":"","format":"standard","meta":{"tdm_status":"","tdm_grid_status":"","footnotes":""},"categories":[379,372,343],"tags":[441],"class_list":{"0":"post-195513","1":"post","2":"type-post","3":"status-publish","4":"format-standard","5":"has-post-thumbnail","7":"category-novelas","8":"category-sbt","9":"category-televisao","10":"tag-resumo-do-dia"},"_links":{"self":[{"href":"https:\/\/migracao.redenoticia.com.br\/noticia\/wp-json\/wp\/v2\/posts\/195513","targetHints":{"allow":["GET"]}}],"collection":[{"href":"https:\/\/migracao.redenoticia.com.br\/noticia\/wp-json\/wp\/v2\/posts"}],"about":[{"href":"https:\/\/migracao.redenoticia.com.br\/noticia\/wp-json\/wp\/v2\/types\/post"}],"author":[{"embeddable":true,"href":"https:\/\/migracao.redenoticia.com.br\/noticia\/wp-json\/wp\/v2\/users\/4"}],"replies":[{"embeddable":true,"href":"https:\/\/migracao.redenoticia.com.br\/noticia\/wp-json\/wp\/v2\/comments?post=195513"}],"version-history":[{"count":0,"href":"https:\/\/migracao.redenoticia.com.br\/noticia\/wp-json\/wp\/v2\/posts\/195513\/revisions"}],"wp:featuredmedia":[{"embeddable":true,"href":"https:\/\/migracao.redenoticia.com.br\/noticia\/wp-json\/wp\/v2\/media\/191123"}],"wp:attachment":[{"href":"https:\/\/migracao.redenoticia.com.br\/noticia\/wp-json\/wp\/v2\/media?parent=195513"}],"wp:term":[{"taxonomy":"category","embeddable":true,"href":"https:\/\/migracao.redenoticia.com.br\/noticia\/wp-json\/wp\/v2\/categories?post=195513"},{"taxonomy":"post_tag","embeddable":true,"href":"https:\/\/migracao.redenoticia.com.br\/noticia\/wp-json\/wp\/v2\/tags?post=195513"}],"curies":[{"name":"wp","href":"https:\/\/api.w.org\/{rel}","templated":true}]}}