{"id":195518,"date":"2020-07-13T12:02:38","date_gmt":"2020-07-13T15:02:38","guid":{"rendered":"https:\/\/www.redenoticia.com.br\/noticia\/?p=195518"},"modified":"2020-07-13T12:02:38","modified_gmt":"2020-07-13T15:02:38","slug":"resumo-novela-cumplices-de-um-resgate-14-07-ofelio-ajuda-isabela-voltar-para-a-mansao","status":"publish","type":"post","link":"https:\/\/migracao.redenoticia.com.br\/noticia\/2020\/resumo-novela-cumplices-de-um-resgate-14-07-ofelio-ajuda-isabela-voltar-para-a-mansao\/195518","title":{"rendered":"Resumo novela \u201cC\u00famplices de um Resgate\u201d 14\/07: Of\u00e9lio ajuda Isabela voltar para a mans\u00e3o"},"content":{"rendered":"<p><img loading=\"lazy\" decoding=\"async\" class=\"aligncenter size-full wp-image-164525\" src=\"https:\/\/migracao.redenoticia.com.br\/noticia\/imagens\/cumplices-de-um-resgate-002.jpg\" alt=\"\" width=\"620\" height=\"449\" srcset=\"https:\/\/migracao.redenoticia.com.br\/noticia\/imagens\/cumplices-de-um-resgate-002.jpg 620w, https:\/\/migracao.redenoticia.com.br\/noticia\/imagens\/cumplices-de-um-resgate-002-250x181.jpg 250w, https:\/\/migracao.redenoticia.com.br\/noticia\/imagens\/cumplices-de-um-resgate-002-400x290.jpg 400w, https:\/\/migracao.redenoticia.com.br\/noticia\/imagens\/cumplices-de-um-resgate-002-324x235.jpg 324w, https:\/\/migracao.redenoticia.com.br\/noticia\/imagens\/cumplices-de-um-resgate-002-150x109.jpg 150w, https:\/\/migracao.redenoticia.com.br\/noticia\/imagens\/cumplices-de-um-resgate-002-560x406.jpg 560w\" sizes=\"auto, (max-width: 620px) 100vw, 620px\" \/><\/p>\n<p><strong><em>Resumo novela \u201cC\u00famplices de um Resgate\u201d 14\/07<\/em><\/strong>: no cap\u00edtulo 000(*) da novela, ter\u00e7a-feira, 14 de julho, Isabela fala para Manuela que voltar\u00e1 para a cidade. Manuela pede que a irm\u00e3 d\u00ea uma chance ao vilarejo, por ela e sua m\u00e3e. Isabela aceita. Isabela pede que Of\u00e9lio a ajude a voltar para a Mans\u00e3o. Neuza procura por Omar no condom\u00ednio. Of\u00e9lio obedece a ordem de Isa e a leva de volta \u00e0 mans\u00e3o. De manh\u00e3, Rebeca e Manuela descobrem que Isabela saiu de casa. Fiorina reclama com o padre que seu filho est\u00e1 indo na igreja evang\u00e9lica. Lutero diz que ele tem livre-arb\u00edtrio. Marina suspeita que Of\u00e9lio levou Isabela para a cidade.<\/p>\n<p>Tomas mostra para Fred que na mat\u00e9ria sobre Laura est\u00e1 publicado que a mo\u00e7a \u00e9 faxineira. Ele pede satisfa\u00e7\u00e3o. Otavio parabeniza Fred, pois agora sua empresa est\u00e1 com fama de descobridora de talentos. Sandro pensa que agora que Laura \u00e9 modelo ela se esqueceu dele. Andr\u00e9 chega de surpresa ao ensaio da C1R, encontra Benjamin e sai chateado.<\/p>\n<p>(*) edi\u00e7\u00e3o das novelas do SBT, \u201cC\u00famplices de um Resgate\u201d, sujeito a altera\u00e7\u00e3o de data e conte\u00fado.<\/p>\n<p>\u201cC\u00famplices de um Resgate\u201d &#8211; Duas irm\u00e3s g\u00eameas univitelinas que foram separadas ap\u00f3s nascimento, se reencontram somente ap\u00f3s doze anos. Manuela, uma das g\u00eameas, \u00e9 doce, meiga, gentil, e muito talentosa para a m\u00fasica e tem uma voz encantadora. Vive uma vida feliz no Vilarejo dos Sonhos, onde mora com sua av\u00f3 Nina, sua tia Helena e sua m\u00e3e Rebeca, que d\u00e1 muito amor e carinho a filha por ela nunca ter tido um pai, e ela \u00e9 a m\u00e3e biol\u00f3gica das duas garotas, mas nunca soube que teve g\u00eameas.<\/p>\n","protected":false},"excerpt":{"rendered":"<p>Resumo novela \u201cC\u00famplices de um Resgate\u201d 14\/07: no cap\u00edtulo 000(*) da novela, ter\u00e7a-feira, 14 de julho, Isabela fala para Manuela que voltar\u00e1 para a cidade. Manuela pede que a irm\u00e3 d\u00ea uma chance ao vilarejo, por ela e sua m\u00e3e. Isabela aceita. Isabela pede que Of\u00e9lio a ajude a voltar para a Mans\u00e3o. Neuza procura [&hellip;]<\/p>\n","protected":false},"author":4,"featured_media":164526,"comment_status":"closed","ping_status":"closed","sticky":false,"template":"","format":"standard","meta":{"tdm_status":"","tdm_grid_status":"","footnotes":""},"categories":[379,372,343],"tags":[441],"class_list":{"0":"post-195518","1":"post","2":"type-post","3":"status-publish","4":"format-standard","5":"has-post-thumbnail","7":"category-novelas","8":"category-sbt","9":"category-televisao","10":"tag-resumo-do-dia"},"_links":{"self":[{"href":"https:\/\/migracao.redenoticia.com.br\/noticia\/wp-json\/wp\/v2\/posts\/195518","targetHints":{"allow":["GET"]}}],"collection":[{"href":"https:\/\/migracao.redenoticia.com.br\/noticia\/wp-json\/wp\/v2\/posts"}],"about":[{"href":"https:\/\/migracao.redenoticia.com.br\/noticia\/wp-json\/wp\/v2\/types\/post"}],"author":[{"embeddable":true,"href":"https:\/\/migracao.redenoticia.com.br\/noticia\/wp-json\/wp\/v2\/users\/4"}],"replies":[{"embeddable":true,"href":"https:\/\/migracao.redenoticia.com.br\/noticia\/wp-json\/wp\/v2\/comments?post=195518"}],"version-history":[{"count":0,"href":"https:\/\/migracao.redenoticia.com.br\/noticia\/wp-json\/wp\/v2\/posts\/195518\/revisions"}],"wp:featuredmedia":[{"embeddable":true,"href":"https:\/\/migracao.redenoticia.com.br\/noticia\/wp-json\/wp\/v2\/media\/164526"}],"wp:attachment":[{"href":"https:\/\/migracao.redenoticia.com.br\/noticia\/wp-json\/wp\/v2\/media?parent=195518"}],"wp:term":[{"taxonomy":"category","embeddable":true,"href":"https:\/\/migracao.redenoticia.com.br\/noticia\/wp-json\/wp\/v2\/categories?post=195518"},{"taxonomy":"post_tag","embeddable":true,"href":"https:\/\/migracao.redenoticia.com.br\/noticia\/wp-json\/wp\/v2\/tags?post=195518"}],"curies":[{"name":"wp","href":"https:\/\/api.w.org\/{rel}","templated":true}]}}