{"id":195540,"date":"2020-07-26T16:10:05","date_gmt":"2020-07-26T19:10:05","guid":{"rendered":"https:\/\/www.redenoticia.com.br\/noticia\/?p=195540"},"modified":"2020-07-26T19:05:15","modified_gmt":"2020-07-26T22:05:15","slug":"novo-mundo-sebastiao-arrasta-idalina-para-o-tronco","status":"publish","type":"post","link":"https:\/\/migracao.redenoticia.com.br\/noticia\/2020\/novo-mundo-sebastiao-arrasta-idalina-para-o-tronco\/195540","title":{"rendered":"&#8220;Novo Mundo&#8221;: Sebasti\u00e3o arrasta Idalina para o tronco e Matias a defende"},"content":{"rendered":"<p><img loading=\"lazy\" decoding=\"async\" src=\"https:\/\/migracao.redenoticia.com.br\/noticia\/imagens\/resumo-novo-mundo-resumo-novela-das-seis-novela-da-globo.jpg\" alt=\"\" width=\"1280\" height=\"720\" class=\"aligncenter size-full wp-image-195130\" srcset=\"https:\/\/migracao.redenoticia.com.br\/noticia\/imagens\/resumo-novo-mundo-resumo-novela-das-seis-novela-da-globo.jpg 1280w, https:\/\/migracao.redenoticia.com.br\/noticia\/imagens\/resumo-novo-mundo-resumo-novela-das-seis-novela-da-globo-250x140.jpg 250w, https:\/\/migracao.redenoticia.com.br\/noticia\/imagens\/resumo-novo-mundo-resumo-novela-das-seis-novela-da-globo-400x225.jpg 400w, https:\/\/migracao.redenoticia.com.br\/noticia\/imagens\/resumo-novo-mundo-resumo-novela-das-seis-novela-da-globo-768x432.jpg 768w, https:\/\/migracao.redenoticia.com.br\/noticia\/imagens\/resumo-novo-mundo-resumo-novela-das-seis-novela-da-globo-150x85.jpg 150w, https:\/\/migracao.redenoticia.com.br\/noticia\/imagens\/resumo-novo-mundo-resumo-novela-das-seis-novela-da-globo-696x392.jpg 696w, https:\/\/migracao.redenoticia.com.br\/noticia\/imagens\/resumo-novo-mundo-resumo-novela-das-seis-novela-da-globo-1068x601.jpg 1068w\" sizes=\"auto, (max-width: 1280px) 100vw, 1280px\" \/><\/p>\n<p>Na reprise da novela da Globo <strong><em>Novo Mundo<\/em><\/strong>, Sebasti\u00e3o descobre que sua filha se casou e arrasta Idalina para o tronco. Sebasti\u00e3o (Roberto Cordovani) volta para o Rio de Janeiro depois de uma viagem ao Nordeste e, ao chegar \u00e0 cidade, encontra Cec\u00edlia (Isabella Drag\u00e3o) e Lib\u00e9rio (Felipe Silcler) caminhando juntos de m\u00e3os dadas. Revoltado com a imagem da filha com o jornalista, ele ataca o jovem e logo \u00e9 surpreendido pela not\u00edcia de que eles se casaram na sua aus\u00eancia. \u201cEstamos casados. Ela agora \u00e9 minha mulher, ningu\u00e9m mais vai humilhar, nem prender Cec\u00edlia em casa! Ela est\u00e1 livre\u201d. Com a informa\u00e7\u00e3o, o comerciante fica sem ter o que fazer, mas promete vingan\u00e7a. \u201cEste casamento \u00e9 indecente, uma verdadeira afronta \u00e0 fam\u00edlia, seus imorais!&#8230; Isso n\u00e3o fica assim!\u201d.<\/p>\n<p>Furioso, Sebasti\u00e3o corre para casa e culpa Idalina (Dhu Moraes) por ter permitido o casamento entre os dois. Sem nenhuma piedade, arrasta a escrava para o tronco e causa um burburinho na cidade. \u201cVoc\u00ea nunca soube o que \u00e9 um tronco! Esse foi o meu erro! Mas agora voc\u00ea vai saber!\u201d. Ela se desespera e tenta sair da situa\u00e7\u00e3o cruel. \u201cN\u00e3o faz isso, seu Sebasti\u00e3o&#8230; n\u00e3o me castiga&#8230; o senhor nunca me bateu, eu sou uma velha&#8230;\u201d. Matias (Renan Monteiro) corre para ajudar a m\u00e3e e sugere ser colocado no tronco no lugar dela. \u201cN\u00e3o vou deixar ningu\u00e9m bater na minha m\u00e3e! Ela n\u00e3o teve culpa de nada. Se quer descontar em algu\u00e9m, bate em mim\u201d.<\/p>\n<p>Cenas previstas para 31 de julho na novela \u201cNovo Mundo\u201d.<\/p>\n<p>Sinopse Novela &#8220;Novo Mundo&#8221;: Jovem ator de Commedia dell&#8217;Arte, Joaquim se apaixona completamente por Anna quando embarca no navio Real rumo ao Novo Mundo. Chegando ao Brasil, torna-se um her\u00f3i e defensor de Dom Pedro, al\u00e9m de grande entusiasta da Independ\u00eancia brasileira. &#8230; &#8220;Uma mulher fant\u00e1stica e poderosa&#8221;, assim era Maria Leopoldina, esposa do imperador Dom Pedro I na hist\u00f3ria do Brasil. E a Leopoldina retratada em Novo Mundo, a nova novela das 6, \u00e9 uma grande homenagem de Let\u00edcia Colin a esta figura t\u00e3o importante a partir do texto de Thereza Falc\u00e3o e Alessandro Marson e da dire\u00e7\u00e3o art\u00edstica de Vin\u00edcius Coimbra. A atriz mergulhou no universo da austr\u00edaca que se jogou neste pa\u00eds e abra\u00e7ou estas terras. <\/p>\n","protected":false},"excerpt":{"rendered":"<p>Na reprise da novela da Globo Novo Mundo, Sebasti\u00e3o descobre que sua filha se casou e arrasta Idalina para o tronco. Sebasti\u00e3o (Roberto Cordovani) volta para o Rio de Janeiro depois de uma viagem ao Nordeste e, ao chegar \u00e0 cidade, encontra Cec\u00edlia (Isabella Drag\u00e3o) e Lib\u00e9rio (Felipe Silcler) caminhando juntos de m\u00e3os dadas. Revoltado [&hellip;]<\/p>\n","protected":false},"author":2,"featured_media":195131,"comment_status":"closed","ping_status":"closed","sticky":false,"template":"","format":"standard","meta":{"tdm_status":"","tdm_grid_status":"","footnotes":""},"categories":[379,557,375,343],"tags":[440],"class_list":{"0":"post-195540","1":"post","2":"type-post","3":"status-publish","4":"format-standard","5":"has-post-thumbnail","7":"category-novelas","8":"category-novo-mundo","9":"category-rede-globo","10":"category-televisao","11":"tag-noticia-novela"},"_links":{"self":[{"href":"https:\/\/migracao.redenoticia.com.br\/noticia\/wp-json\/wp\/v2\/posts\/195540","targetHints":{"allow":["GET"]}}],"collection":[{"href":"https:\/\/migracao.redenoticia.com.br\/noticia\/wp-json\/wp\/v2\/posts"}],"about":[{"href":"https:\/\/migracao.redenoticia.com.br\/noticia\/wp-json\/wp\/v2\/types\/post"}],"author":[{"embeddable":true,"href":"https:\/\/migracao.redenoticia.com.br\/noticia\/wp-json\/wp\/v2\/users\/2"}],"replies":[{"embeddable":true,"href":"https:\/\/migracao.redenoticia.com.br\/noticia\/wp-json\/wp\/v2\/comments?post=195540"}],"version-history":[{"count":0,"href":"https:\/\/migracao.redenoticia.com.br\/noticia\/wp-json\/wp\/v2\/posts\/195540\/revisions"}],"wp:featuredmedia":[{"embeddable":true,"href":"https:\/\/migracao.redenoticia.com.br\/noticia\/wp-json\/wp\/v2\/media\/195131"}],"wp:attachment":[{"href":"https:\/\/migracao.redenoticia.com.br\/noticia\/wp-json\/wp\/v2\/media?parent=195540"}],"wp:term":[{"taxonomy":"category","embeddable":true,"href":"https:\/\/migracao.redenoticia.com.br\/noticia\/wp-json\/wp\/v2\/categories?post=195540"},{"taxonomy":"post_tag","embeddable":true,"href":"https:\/\/migracao.redenoticia.com.br\/noticia\/wp-json\/wp\/v2\/tags?post=195540"}],"curies":[{"name":"wp","href":"https:\/\/api.w.org\/{rel}","templated":true}]}}