{"id":195541,"date":"2020-08-01T10:13:31","date_gmt":"2020-08-01T13:13:31","guid":{"rendered":"https:\/\/www.redenoticia.com.br\/noticia\/?p=195541"},"modified":"2020-08-08T19:14:55","modified_gmt":"2020-08-08T22:14:55","slug":"novo-mundo-chalaca-afirma-que-filho-de-amalia-esta-vivo-e-e-um-menino","status":"publish","type":"post","link":"https:\/\/migracao.redenoticia.com.br\/noticia\/2020\/novo-mundo-chalaca-afirma-que-filho-de-amalia-esta-vivo-e-e-um-menino\/195541","title":{"rendered":"&#8220;Novo Mundo&#8221;: Chala\u00e7a afirma que filho de Am\u00e1lia est\u00e1 vivo e \u00e9 um menino"},"content":{"rendered":"<p><img loading=\"lazy\" decoding=\"async\" src=\"https:\/\/migracao.redenoticia.com.br\/noticia\/imagens\/resumo-novo-mundo-resumo-novela-das-seis-novela-da-globo-1.jpg\" alt=\"\" width=\"1280\" height=\"720\" class=\"aligncenter size-full wp-image-195131\" srcset=\"https:\/\/migracao.redenoticia.com.br\/noticia\/imagens\/resumo-novo-mundo-resumo-novela-das-seis-novela-da-globo-1.jpg 1280w, https:\/\/migracao.redenoticia.com.br\/noticia\/imagens\/resumo-novo-mundo-resumo-novela-das-seis-novela-da-globo-1-250x140.jpg 250w, https:\/\/migracao.redenoticia.com.br\/noticia\/imagens\/resumo-novo-mundo-resumo-novela-das-seis-novela-da-globo-1-400x225.jpg 400w, https:\/\/migracao.redenoticia.com.br\/noticia\/imagens\/resumo-novo-mundo-resumo-novela-das-seis-novela-da-globo-1-768x432.jpg 768w, https:\/\/migracao.redenoticia.com.br\/noticia\/imagens\/resumo-novo-mundo-resumo-novela-das-seis-novela-da-globo-1-150x85.jpg 150w, https:\/\/migracao.redenoticia.com.br\/noticia\/imagens\/resumo-novo-mundo-resumo-novela-das-seis-novela-da-globo-1-696x392.jpg 696w, https:\/\/migracao.redenoticia.com.br\/noticia\/imagens\/resumo-novo-mundo-resumo-novela-das-seis-novela-da-globo-1-1068x601.jpg 1068w\" sizes=\"auto, (max-width: 1280px) 100vw, 1280px\" \/><\/p>\n<p>Na novela da Globo <strong><em>Novo Mundo<\/em><\/strong>, Chala\u00e7a (Romulo Estrela) afirma que filho de Am\u00e1lia (Vanessa Gerbelli) est\u00e1 vivo e \u00e9 um menino. Ao longo de muitos anos, Dom Jo\u00e3o (Leo Jaime) e Chala\u00e7a mantiveram Am\u00e1lia em um convento, pois ap\u00f3s ser separada do beb\u00ea, ela perdeu a mem\u00f3ria e passou a acreditar que um boneco de pano era seu filho. Ao conseguir fugir, a portuguesa teve a ajuda de Peter (Caco Ciocler) para recuperar as lembran\u00e7as do passado.<\/p>\n<p>Am\u00e1lia recorda que manteve um relacionamento com o rei de Portugal e, ao engravidar, teve que enfrentar a ira de Carlota (D\u00e9bora Olivieri). A rainha n\u00e3o aceitou a trai\u00e7\u00e3o e providenciou o sumi\u00e7o da crian\u00e7a com a ajuda de Sebasti\u00e3o (Roberto Cordovani), que enriqueceu depois de prestar o servi\u00e7o. O pr\u00f3prio comerciante de escravos confirma a hist\u00f3ria para Am\u00e1lia. Como \u00faltima tentativa, ela pede ajuda a Chala\u00e7a (Romulo Estrela), que afirma que seu filho est\u00e1 vivo e \u00e9 um menino. <\/p>\n<p>Cenas previstas para julho na novela \u201cNovo Mundo\u201d.<\/p>\n<p><a href=\"https:\/\/novelas.redenoticia.com.br\/novela-novo-mundo\/87638\/\">Resumo &#8220;Novo Mundo&#8221;: pr\u00f3ximos cap\u00edtulos da novela<\/a><\/p>\n<p>Sinopse Novela &#8220;Novo Mundo&#8221;: Jovem ator de Commedia dell&#8217;Arte, Joaquim se apaixona completamente por Anna quando embarca no navio Real rumo ao Novo Mundo. Chegando ao Brasil, torna-se um her\u00f3i e defensor de Dom Pedro, al\u00e9m de grande entusiasta da Independ\u00eancia brasileira. &#8230; &#8220;Uma mulher fant\u00e1stica e poderosa&#8221;, assim era Maria Leopoldina, esposa do imperador Dom Pedro I na hist\u00f3ria do Brasil. E a Leopoldina retratada em Novo Mundo, a nova novela das 6, \u00e9 uma grande homenagem de Let\u00edcia Colin a esta figura t\u00e3o importante a partir do texto de Thereza Falc\u00e3o e Alessandro Marson e da dire\u00e7\u00e3o art\u00edstica de Vin\u00edcius Coimbra. A atriz mergulhou no universo da austr\u00edaca que se jogou neste pa\u00eds e abra\u00e7ou estas terras. <\/p>\n","protected":false},"excerpt":{"rendered":"<p>Na novela da Globo Novo Mundo, Chala\u00e7a (Romulo Estrela) afirma que filho de Am\u00e1lia (Vanessa Gerbelli) est\u00e1 vivo e \u00e9 um menino. Ao longo de muitos anos, Dom Jo\u00e3o (Leo Jaime) e Chala\u00e7a mantiveram Am\u00e1lia em um convento, pois ap\u00f3s ser separada do beb\u00ea, ela perdeu a mem\u00f3ria e passou a acreditar que um boneco [&hellip;]<\/p>\n","protected":false},"author":2,"featured_media":195130,"comment_status":"closed","ping_status":"closed","sticky":false,"template":"","format":"standard","meta":{"tdm_status":"","tdm_grid_status":"","footnotes":""},"categories":[388,379,557,375,343],"tags":[440],"class_list":{"0":"post-195541","1":"post","2":"type-post","3":"status-publish","4":"format-standard","5":"has-post-thumbnail","7":"category-destaques","8":"category-novelas","9":"category-novo-mundo","10":"category-rede-globo","11":"category-televisao","12":"tag-noticia-novela"},"_links":{"self":[{"href":"https:\/\/migracao.redenoticia.com.br\/noticia\/wp-json\/wp\/v2\/posts\/195541","targetHints":{"allow":["GET"]}}],"collection":[{"href":"https:\/\/migracao.redenoticia.com.br\/noticia\/wp-json\/wp\/v2\/posts"}],"about":[{"href":"https:\/\/migracao.redenoticia.com.br\/noticia\/wp-json\/wp\/v2\/types\/post"}],"author":[{"embeddable":true,"href":"https:\/\/migracao.redenoticia.com.br\/noticia\/wp-json\/wp\/v2\/users\/2"}],"replies":[{"embeddable":true,"href":"https:\/\/migracao.redenoticia.com.br\/noticia\/wp-json\/wp\/v2\/comments?post=195541"}],"version-history":[{"count":0,"href":"https:\/\/migracao.redenoticia.com.br\/noticia\/wp-json\/wp\/v2\/posts\/195541\/revisions"}],"wp:featuredmedia":[{"embeddable":true,"href":"https:\/\/migracao.redenoticia.com.br\/noticia\/wp-json\/wp\/v2\/media\/195130"}],"wp:attachment":[{"href":"https:\/\/migracao.redenoticia.com.br\/noticia\/wp-json\/wp\/v2\/media?parent=195541"}],"wp:term":[{"taxonomy":"category","embeddable":true,"href":"https:\/\/migracao.redenoticia.com.br\/noticia\/wp-json\/wp\/v2\/categories?post=195541"},{"taxonomy":"post_tag","embeddable":true,"href":"https:\/\/migracao.redenoticia.com.br\/noticia\/wp-json\/wp\/v2\/tags?post=195541"}],"curies":[{"name":"wp","href":"https:\/\/api.w.org\/{rel}","templated":true}]}}