{"id":195574,"date":"2020-07-14T23:54:51","date_gmt":"2020-07-15T02:54:51","guid":{"rendered":"https:\/\/www.redenoticia.com.br\/noticia\/?p=195574"},"modified":"2020-07-14T23:54:51","modified_gmt":"2020-07-15T02:54:51","slug":"resumo-cumplices-de-um-resgate-15-07-marina-aconselha-rebeca","status":"publish","type":"post","link":"https:\/\/migracao.redenoticia.com.br\/noticia\/2020\/resumo-cumplices-de-um-resgate-15-07-marina-aconselha-rebeca\/195574","title":{"rendered":"Resumo \u201cC\u00famplices de um Resgate\u201d 15\/07: Marina aconselha Rebeca"},"content":{"rendered":"<p> <img loading=\"lazy\" decoding=\"async\" class=\"aligncenter size-full wp-image-164525\" src=\"https:\/\/migracao.redenoticia.com.br\/noticia\/imagens\/cumplices-de-um-resgate-002.jpg\" alt=\"\" width=\"620\" height=\"449\" srcset=\"https:\/\/migracao.redenoticia.com.br\/noticia\/imagens\/cumplices-de-um-resgate-002.jpg 620w, https:\/\/migracao.redenoticia.com.br\/noticia\/imagens\/cumplices-de-um-resgate-002-250x181.jpg 250w, https:\/\/migracao.redenoticia.com.br\/noticia\/imagens\/cumplices-de-um-resgate-002-400x290.jpg 400w, https:\/\/migracao.redenoticia.com.br\/noticia\/imagens\/cumplices-de-um-resgate-002-324x235.jpg 324w, https:\/\/migracao.redenoticia.com.br\/noticia\/imagens\/cumplices-de-um-resgate-002-150x109.jpg 150w, https:\/\/migracao.redenoticia.com.br\/noticia\/imagens\/cumplices-de-um-resgate-002-560x406.jpg 560w\" sizes=\"auto, (max-width: 620px) 100vw, 620px\" \/><\/p>\n<p><strong><em>Resumo novela \u201cC\u00famplices de um Resgate\u201d 15\/07<\/em><\/strong>: no cap\u00edtulo 399(*) da novela, quarta-feira, 15 de julho, Marina, T\u00e9o, Rebeca e Manuela v\u00e3o at\u00e9 a mans\u00e3o. Eles pedem para Isabela voltar, mas ela resiste. A menina mostra a casa aos seus visitantes. Luiz e Nico saem para buscar o Dourado e se inscreverem na corrida. Eles chegam ao Haras e n\u00e3o encontram o cavalo, pois Omar est\u00e1 passeando com ele. Fiorina vai \u00e0 casa de Helena pedir que ela n\u00e3o leve seu filho para a igreja evang\u00e9lica. Ela discute com Nina.<\/p>\n<p>Isabela e Rebeca discutem, pois a menina n\u00e3o quer voltar para o vilarejo. Meire invade o ensaio da C1R e diz que eles n\u00e3o podem fazer barulho no condom\u00ednio. Marina aconselha Rebeca a deixar Isabela na cidade, pois com o tempo ela sentir\u00e1 falta da fam\u00edlia. Rebeca aceita o conselho. Neuza vai at\u00e9 o Haras procurar Omar. Escondido, o menino v\u00ea sua m\u00e3e.<\/p>\n<p>(*) edi\u00e7\u00e3o das novelas do SBT, \u201cC\u00famplices de um Resgate\u201d, sujeito a altera\u00e7\u00e3o de data e conte\u00fado.<\/p>\n<p>\u201cC\u00famplices de um Resgate\u201d &#8211; Duas irm\u00e3s g\u00eameas univitelinas que foram separadas ap\u00f3s nascimento, se reencontram somente ap\u00f3s doze anos. Manuela, uma das g\u00eameas, \u00e9 doce, meiga, gentil, e muito talentosa para a m\u00fasica e tem uma voz encantadora. Vive uma vida feliz no Vilarejo dos Sonhos, onde mora com sua av\u00f3 Nina, sua tia Helena e sua m\u00e3e Rebeca, que d\u00e1 muito amor e carinho a filha por ela nunca ter tido um pai, e ela \u00e9 a m\u00e3e biol\u00f3gica das duas garotas, mas nunca soube que teve g\u00eameas.<\/p>\n","protected":false},"excerpt":{"rendered":"<p>Resumo novela \u201cC\u00famplices de um Resgate\u201d 15\/07: no cap\u00edtulo 399(*) da novela, quarta-feira, 15 de julho, Marina, T\u00e9o, Rebeca e Manuela v\u00e3o at\u00e9 a mans\u00e3o. Eles pedem para Isabela voltar, mas ela resiste. A menina mostra a casa aos seus visitantes. Luiz e Nico saem para buscar o Dourado e se inscreverem na corrida. Eles [&hellip;]<\/p>\n","protected":false},"author":2,"featured_media":164526,"comment_status":"closed","ping_status":"closed","sticky":false,"template":"","format":"standard","meta":{"tdm_status":"","tdm_grid_status":"","footnotes":""},"categories":[379,372,343],"tags":[441],"class_list":{"0":"post-195574","1":"post","2":"type-post","3":"status-publish","4":"format-standard","5":"has-post-thumbnail","7":"category-novelas","8":"category-sbt","9":"category-televisao","10":"tag-resumo-do-dia"},"_links":{"self":[{"href":"https:\/\/migracao.redenoticia.com.br\/noticia\/wp-json\/wp\/v2\/posts\/195574","targetHints":{"allow":["GET"]}}],"collection":[{"href":"https:\/\/migracao.redenoticia.com.br\/noticia\/wp-json\/wp\/v2\/posts"}],"about":[{"href":"https:\/\/migracao.redenoticia.com.br\/noticia\/wp-json\/wp\/v2\/types\/post"}],"author":[{"embeddable":true,"href":"https:\/\/migracao.redenoticia.com.br\/noticia\/wp-json\/wp\/v2\/users\/2"}],"replies":[{"embeddable":true,"href":"https:\/\/migracao.redenoticia.com.br\/noticia\/wp-json\/wp\/v2\/comments?post=195574"}],"version-history":[{"count":0,"href":"https:\/\/migracao.redenoticia.com.br\/noticia\/wp-json\/wp\/v2\/posts\/195574\/revisions"}],"wp:featuredmedia":[{"embeddable":true,"href":"https:\/\/migracao.redenoticia.com.br\/noticia\/wp-json\/wp\/v2\/media\/164526"}],"wp:attachment":[{"href":"https:\/\/migracao.redenoticia.com.br\/noticia\/wp-json\/wp\/v2\/media?parent=195574"}],"wp:term":[{"taxonomy":"category","embeddable":true,"href":"https:\/\/migracao.redenoticia.com.br\/noticia\/wp-json\/wp\/v2\/categories?post=195574"},{"taxonomy":"post_tag","embeddable":true,"href":"https:\/\/migracao.redenoticia.com.br\/noticia\/wp-json\/wp\/v2\/tags?post=195574"}],"curies":[{"name":"wp","href":"https:\/\/api.w.org\/{rel}","templated":true}]}}