{"id":195575,"date":"2020-07-14T23:58:11","date_gmt":"2020-07-15T02:58:11","guid":{"rendered":"https:\/\/www.redenoticia.com.br\/noticia\/?p=195575"},"modified":"2020-07-14T23:58:11","modified_gmt":"2020-07-15T02:58:11","slug":"resumo-novela-eta-mundo-bom-15-07-celso-confronta-sandra-e-ela-o-ameaca","status":"publish","type":"post","link":"https:\/\/migracao.redenoticia.com.br\/noticia\/2020\/resumo-novela-eta-mundo-bom-15-07-celso-confronta-sandra-e-ela-o-ameaca\/195575","title":{"rendered":"Resumo novela \u201cEta Mundo Bom\u201d 15\/07: Celso confronta Sandra e ela o amea\u00e7a"},"content":{"rendered":"<p> <img loading=\"lazy\" decoding=\"async\" class=\"aligncenter size-full wp-image-192794\" src=\"https:\/\/migracao.redenoticia.com.br\/noticia\/imagens\/eta-mundo-bom-fazenda.jpg\" alt=\"\" width=\"502\" height=\"460\" srcset=\"https:\/\/migracao.redenoticia.com.br\/noticia\/imagens\/eta-mundo-bom-fazenda.jpg 502w, https:\/\/migracao.redenoticia.com.br\/noticia\/imagens\/eta-mundo-bom-fazenda-204x187.jpg 204w, https:\/\/migracao.redenoticia.com.br\/noticia\/imagens\/eta-mundo-bom-fazenda-327x300.jpg 327w, https:\/\/migracao.redenoticia.com.br\/noticia\/imagens\/eta-mundo-bom-fazenda-153x140.jpg 153w, https:\/\/migracao.redenoticia.com.br\/noticia\/imagens\/eta-mundo-bom-fazenda-93x85.jpg 93w\" sizes=\"auto, (max-width: 502px) 100vw, 502px\" \/><\/p>\n<p><strong><em>Resumo novela \u201cEta Mundo Bom\u201d 15\/07<\/em><\/strong>: no cap\u00edtulo 058(*) da novela, quarta-feira, 15 de julho, Sandra consegue despistar Anast\u00e1cia e esconde o dinheiro em um jarro no quarto da tia. Diana deixa Severo, que se desespera. Tigre amea\u00e7a Ernesto. Olga convence F\u00e1bio a pedi-la em noivado. Filomena afirma a Clarice que manter\u00e1 em segredo o fato de seu filho ser de Candinho. Pancr\u00e1cio aconselha Olga a ser sincera com F\u00e1bio.<\/p>\n<p>Diana garante a Braz que conseguir\u00e1 tomar a casa de Severo. Maria questiona Paulina sobre a gravidez de Filomena. Diana volta para o dancing e ignora os apelos de Severo. Pandolfo retorna \u00e0 fazenda de Cunegundes. Ara\u00fajo anuncia a Cl\u00e1udio que ele ser\u00e1 operado e poder\u00e1 voltar a andar. Sandra tem uma ideia para que Ernesto consiga o dinheiro de Anast\u00e1cia.<\/p>\n<p>Sandra arma com Ernesto um plano para conseguir dinheiro de Anast\u00e1cia. Maria sonda N\u00e1dia para descobrir se o filho de Filomena \u00e9 de Candinho. Pandolfo avisa a Cunegundes e Quinzinho que eles poder\u00e3o enriquecer ao recuperar a fazenda. Pancr\u00e1cio e Emma aconselham Anast\u00e1cia a ceder \u00e0s supostas chantagens de Ernesto, pelo bem de Sandra. Celso confronta Sandra, que amea\u00e7a o irm\u00e3o.<\/p>\n<p>(*) edi\u00e7\u00e3o das novelas da Globo, \u201cEta Mundo Bom\u201d, sujeito a altera\u00e7\u00e3o de data e conte\u00fado.<\/p>\n<p>&#8220;Eta Mundo Bom&#8221; \u00e9 ambientada em 1948. A trama conta a hist\u00f3ria de Candinho (S\u00e9rgio Guiz\u00e9), que foi separado da m\u00e3e logo ap\u00f3s seu nascimento e foi acolhido pelo casal Cunegundes (Elizabeth Savalla) e Quinzinho (Ary Fontoura), donos da decadente fazenda Dom Pedro II, perto da cidade fict\u00edcia de Piracema, por volta dos anos 20.<\/p>\n","protected":false},"excerpt":{"rendered":"<p>Resumo novela \u201cEta Mundo Bom\u201d 15\/07: no cap\u00edtulo 058(*) da novela, quarta-feira, 15 de julho, Sandra consegue despistar Anast\u00e1cia e esconde o dinheiro em um jarro no quarto da tia. Diana deixa Severo, que se desespera. Tigre amea\u00e7a Ernesto. Olga convence F\u00e1bio a pedi-la em noivado. Filomena afirma a Clarice que manter\u00e1 em segredo o [&hellip;]<\/p>\n","protected":false},"author":2,"featured_media":195129,"comment_status":"closed","ping_status":"closed","sticky":false,"template":"","format":"standard","meta":{"tdm_status":"","tdm_grid_status":"","footnotes":""},"categories":[558,379,375,343],"tags":[441],"class_list":{"0":"post-195575","1":"post","2":"type-post","3":"status-publish","4":"format-standard","5":"has-post-thumbnail","7":"category-eta-mundo-bom","8":"category-novelas","9":"category-rede-globo","10":"category-televisao","11":"tag-resumo-do-dia"},"_links":{"self":[{"href":"https:\/\/migracao.redenoticia.com.br\/noticia\/wp-json\/wp\/v2\/posts\/195575","targetHints":{"allow":["GET"]}}],"collection":[{"href":"https:\/\/migracao.redenoticia.com.br\/noticia\/wp-json\/wp\/v2\/posts"}],"about":[{"href":"https:\/\/migracao.redenoticia.com.br\/noticia\/wp-json\/wp\/v2\/types\/post"}],"author":[{"embeddable":true,"href":"https:\/\/migracao.redenoticia.com.br\/noticia\/wp-json\/wp\/v2\/users\/2"}],"replies":[{"embeddable":true,"href":"https:\/\/migracao.redenoticia.com.br\/noticia\/wp-json\/wp\/v2\/comments?post=195575"}],"version-history":[{"count":0,"href":"https:\/\/migracao.redenoticia.com.br\/noticia\/wp-json\/wp\/v2\/posts\/195575\/revisions"}],"wp:featuredmedia":[{"embeddable":true,"href":"https:\/\/migracao.redenoticia.com.br\/noticia\/wp-json\/wp\/v2\/media\/195129"}],"wp:attachment":[{"href":"https:\/\/migracao.redenoticia.com.br\/noticia\/wp-json\/wp\/v2\/media?parent=195575"}],"wp:term":[{"taxonomy":"category","embeddable":true,"href":"https:\/\/migracao.redenoticia.com.br\/noticia\/wp-json\/wp\/v2\/categories?post=195575"},{"taxonomy":"post_tag","embeddable":true,"href":"https:\/\/migracao.redenoticia.com.br\/noticia\/wp-json\/wp\/v2\/tags?post=195575"}],"curies":[{"name":"wp","href":"https:\/\/api.w.org\/{rel}","templated":true}]}}