{"id":195591,"date":"2020-07-15T19:31:33","date_gmt":"2020-07-15T22:31:33","guid":{"rendered":"https:\/\/www.redenoticia.com.br\/noticia\/?p=195591"},"modified":"2020-07-15T19:31:33","modified_gmt":"2020-07-15T22:31:33","slug":"resumo-o-que-a-vida-me-roubou-16-07-jose-luis-e-preso-apos-morte-de-angelica","status":"publish","type":"post","link":"https:\/\/migracao.redenoticia.com.br\/noticia\/2020\/resumo-o-que-a-vida-me-roubou-16-07-jose-luis-e-preso-apos-morte-de-angelica\/195591","title":{"rendered":"Resumo \u201cO Que A Vida Me Roubou\u201d 16\/07: Jos\u00e9 Lu\u00eds \u00e9 preso ap\u00f3s morte de Ang\u00e9lica"},"content":{"rendered":"<p> <img loading=\"lazy\" decoding=\"async\" class=\"aligncenter size-full wp-image-191122\" src=\"https:\/\/migracao.redenoticia.com.br\/noticia\/imagens\/o-que-a-vida-me-roubou-elenco.jpg\" alt=\"\" width=\"693\" height=\"576\" srcset=\"https:\/\/migracao.redenoticia.com.br\/noticia\/imagens\/o-que-a-vida-me-roubou-elenco.jpg 693w, https:\/\/migracao.redenoticia.com.br\/noticia\/imagens\/o-que-a-vida-me-roubou-elenco-225x187.jpg 225w, https:\/\/migracao.redenoticia.com.br\/noticia\/imagens\/o-que-a-vida-me-roubou-elenco-361x300.jpg 361w, https:\/\/migracao.redenoticia.com.br\/noticia\/imagens\/o-que-a-vida-me-roubou-elenco-168x140.jpg 168w, https:\/\/migracao.redenoticia.com.br\/noticia\/imagens\/o-que-a-vida-me-roubou-elenco-102x85.jpg 102w\" sizes=\"auto, (max-width: 693px) 100vw, 693px\" \/><\/p>\n<p><strong><em>Resumo da novela \u201cO Que A Vida Me Roubou\u201d<\/em><\/strong> em 16\/07: no cap\u00edtulo 064(*) da novela, quinta-feira, 16 de julho, na funer\u00e1ria, Prud\u00eancia pergunta ao capit\u00e3o Robledo se n\u00e3o h\u00e1 nada o que fazer a respeito da situa\u00e7\u00e3o de Jos\u00e9 Luis, pois Ang\u00e9lica acaba de falecer. O capit\u00e3o responde que j\u00e1 atrasou demais a deten\u00e7\u00e3o de Jos\u00e9, e j\u00e1 n\u00e3o h\u00e1 mais nada que possa fazer. Pedro agride Victor por intervir em uma discuss\u00e3o entre ele e N\u00e1dia. Pedro proibe a esposa de voltar a v\u00ea-lo e diz que o melhor \u00e9 ela buscar outro homem que a engravide. Fab\u00edola chega ao vel\u00f3rio para dar suas condol\u00eancias. L\u00e1 todos est\u00e3o de branco, s\u00f3 ela de preto. Ela pergunta a Virginia porque n\u00e3o a avisaram que a cor seria branco e se aproxima de Jos\u00e9 para lhe agradecer por ter feito Ang\u00e9lica t\u00e3o feliz. Ela o abra\u00e7a e, neste momento, chegam Montserrat e Alessandro.<\/p>\n<p>Graziela vai buscar Jos\u00e9 Luis e leva consigo a urna com as cinzas de Ang\u00e9lica. Jos\u00e9 Luis vai \u00e0 praia e sobe na lancha que Esmeralda e Renato alugaram, pois assim ele deseja se despedir das cinzas de Ang\u00e9lica no mar, como a prometeu. Esmeralda prop\u00f5e que ele aproveite para escapar, mas ele se nega. Jos\u00e9 Luis volta a terra. O capit\u00e3o Robledo e dois militares j\u00e1 o est\u00e3o esperando para lev\u00e1-lo para a pris\u00e3o de \u00c1gua Azul. Ezequiel entra na casa de Pedro Medina e descobre que l\u00e1 tem um computador que cont\u00e9m um v\u00eddeo de N\u00e1dia e Victor fazendo amor. Pedro entra e encontra Ezequiel o esperando com uma arma apontada pra ele. Pedro o lembra que n\u00e3o \u00e9 nada, e se est\u00e1 no cargo de chefe de pol\u00edcia \u00e9 porque ele o ajudou. Ezequiel responde que foi apenas Adolfo chegar para que tivesse o apoio de Pedro.<\/p>\n<p>Dem\u00e9trio e Montserrat v\u00e3o atr\u00e1s de Graziela para lhe pedir um favor quanto a Sandro. Renato vai visitar Jos\u00e9 Luis na pris\u00e3o. Este o pergunta como est\u00e3o as coisas. Renato diz que est\u00e1 tudo bem, que neste mesmo dia ser\u00e1 a inaugura\u00e7\u00e3o da nova \u201cA Escondida\u201d, e que por isso Esmeralda n\u00e3o pode ir v\u00ea-lo, mas mandou lembran\u00e7as. Graziela vai ao encontro de Sandro em um restaurante. Eles discutem e Graziela se ofende. Ele finaliza dizendo que ele n\u00e3o sabe o que \u00e9 t\u00ea-la como inimiga, pois n\u00e3o conhece do que ela \u00e9 capaz, e ainda mais quando seus filhos est\u00e3o no meio do assunto. Em um quartel na marinha alguns cabos ca\u00e7oam de Renato, fazendo coment\u00e1rios muito ofensivos quanto a Esmeralda. Dem\u00e9trio se aproxima para saber como ele est\u00e1 e o que ocorre. Um dos cabos pergunta quanto dinheiro Renato pagou para ter Esmeralda. Renato n\u00e3o aguenta e agride o sujeito, dando in\u00edcio a uma grande briga coletiva. Victor vai atr\u00e1s de N\u00e1dia.<\/p>\n<p>Na inaugura\u00e7\u00e3o da nova \u201cA Escondida\u201d, Renato, Dem\u00e9trio, Mac\u00e1rio e Alessandro est\u00e3o sentados na mesma mesa, todos muito contentes, quando come\u00e7a o show. Sandro entra cumprimentando Alessandro, que questiona a raz\u00e3o dele estar ali. Sandro responde que o recomendaram ir visitar o local. Sandro pergunta se pode sentar-se com eles. Alessandro responde que \u00e9 melhor que se sente em outra mesa. Maria os observa ao longe. N\u00e1dia diz a Adolfo que precisa sair dali, pois est\u00e1 gr\u00e1vida e Pedro quer criar seu beb\u00ea como seu. Adolfo diz que n\u00e3o pode fazer nada, pois Pedro colocou c\u00e2meras no local para saber de tudo. N\u00e1dia consegue se comunicar com Montserrat por celular e conta que Pedro j\u00e1 sabe de tudo e est\u00e1 decidido a lev\u00e1-la para longe. Por isso a est\u00e1 vigiando todo o tempo. Montserrat diz que tratar\u00e1 de localizar Victor ou Alessandro, para que a tirem de l\u00e1. Maria sai para dan\u00e7ar no lugar de outra dan\u00e7arina que se machucou. Ela aproveita para se insinuar para Alessandro, que a reconhece.<\/p>\n<p>(*) edi\u00e7\u00e3o das novelas do SBT, \u201cO Que A Vida Me Roubou\u201d, sujeito a altera\u00e7\u00e3o de data e conte\u00fado.<\/p>\n<p>Novela \u201cO Que A Vida Me Roubou\u201d: A hist\u00f3ria se passa em \u00c1gua Azul, onde Montserrat vive. Montserrat \u00e9 uma bela jovem socialite que sempre foi dominada por sua m\u00e3e Graziela, cuja \u00fanica preocupa\u00e7\u00e3o \u00e9 o seu elevado estatuto na sociedade, mesmo que a fam\u00edlia esteja financeiramente arruinada. Montserrat, apesar de fazer tudo o que sua m\u00e3e diz-lhe, secretamente mant\u00e9m um relacionamento com Jos\u00e9 Luis da marinha, com quem planeja se casar.<\/p>\n","protected":false},"excerpt":{"rendered":"<p>Resumo da novela \u201cO Que A Vida Me Roubou\u201d em 16\/07: no cap\u00edtulo 064(*) da novela, quinta-feira, 16 de julho, na funer\u00e1ria, Prud\u00eancia pergunta ao capit\u00e3o Robledo se n\u00e3o h\u00e1 nada o que fazer a respeito da situa\u00e7\u00e3o de Jos\u00e9 Luis, pois Ang\u00e9lica acaba de falecer. O capit\u00e3o responde que j\u00e1 atrasou demais a deten\u00e7\u00e3o [&hellip;]<\/p>\n","protected":false},"author":2,"featured_media":191123,"comment_status":"closed","ping_status":"closed","sticky":false,"template":"","format":"standard","meta":{"tdm_status":"","tdm_grid_status":"","footnotes":""},"categories":[379,372,343],"tags":[441],"class_list":{"0":"post-195591","1":"post","2":"type-post","3":"status-publish","4":"format-standard","5":"has-post-thumbnail","7":"category-novelas","8":"category-sbt","9":"category-televisao","10":"tag-resumo-do-dia"},"_links":{"self":[{"href":"https:\/\/migracao.redenoticia.com.br\/noticia\/wp-json\/wp\/v2\/posts\/195591","targetHints":{"allow":["GET"]}}],"collection":[{"href":"https:\/\/migracao.redenoticia.com.br\/noticia\/wp-json\/wp\/v2\/posts"}],"about":[{"href":"https:\/\/migracao.redenoticia.com.br\/noticia\/wp-json\/wp\/v2\/types\/post"}],"author":[{"embeddable":true,"href":"https:\/\/migracao.redenoticia.com.br\/noticia\/wp-json\/wp\/v2\/users\/2"}],"replies":[{"embeddable":true,"href":"https:\/\/migracao.redenoticia.com.br\/noticia\/wp-json\/wp\/v2\/comments?post=195591"}],"version-history":[{"count":0,"href":"https:\/\/migracao.redenoticia.com.br\/noticia\/wp-json\/wp\/v2\/posts\/195591\/revisions"}],"wp:featuredmedia":[{"embeddable":true,"href":"https:\/\/migracao.redenoticia.com.br\/noticia\/wp-json\/wp\/v2\/media\/191123"}],"wp:attachment":[{"href":"https:\/\/migracao.redenoticia.com.br\/noticia\/wp-json\/wp\/v2\/media?parent=195591"}],"wp:term":[{"taxonomy":"category","embeddable":true,"href":"https:\/\/migracao.redenoticia.com.br\/noticia\/wp-json\/wp\/v2\/categories?post=195591"},{"taxonomy":"post_tag","embeddable":true,"href":"https:\/\/migracao.redenoticia.com.br\/noticia\/wp-json\/wp\/v2\/tags?post=195591"}],"curies":[{"name":"wp","href":"https:\/\/api.w.org\/{rel}","templated":true}]}}