{"id":195594,"date":"2020-07-15T19:35:21","date_gmt":"2020-07-15T22:35:21","guid":{"rendered":"https:\/\/www.redenoticia.com.br\/noticia\/?p=195594"},"modified":"2020-07-15T19:35:21","modified_gmt":"2020-07-15T22:35:21","slug":"resumo-novela-eta-mundo-bom-16-07-sandra-arma-para-separar-maria-de-celso","status":"publish","type":"post","link":"https:\/\/migracao.redenoticia.com.br\/noticia\/2020\/resumo-novela-eta-mundo-bom-16-07-sandra-arma-para-separar-maria-de-celso\/195594","title":{"rendered":"Resumo novela \u201cEta Mundo Bom\u201d 16\/07: Sandra arma para separar Maria de Celso"},"content":{"rendered":"<p><img loading=\"lazy\" decoding=\"async\" class=\"aligncenter size-full wp-image-192794\" src=\"https:\/\/migracao.redenoticia.com.br\/noticia\/imagens\/eta-mundo-bom-fazenda.jpg\" alt=\"\" width=\"502\" height=\"460\" srcset=\"https:\/\/migracao.redenoticia.com.br\/noticia\/imagens\/eta-mundo-bom-fazenda.jpg 502w, https:\/\/migracao.redenoticia.com.br\/noticia\/imagens\/eta-mundo-bom-fazenda-204x187.jpg 204w, https:\/\/migracao.redenoticia.com.br\/noticia\/imagens\/eta-mundo-bom-fazenda-327x300.jpg 327w, https:\/\/migracao.redenoticia.com.br\/noticia\/imagens\/eta-mundo-bom-fazenda-153x140.jpg 153w, https:\/\/migracao.redenoticia.com.br\/noticia\/imagens\/eta-mundo-bom-fazenda-93x85.jpg 93w\" sizes=\"auto, (max-width: 502px) 100vw, 502px\" \/><\/p>\n<p><strong><em>Resumo novela \u201cEta Mundo Bom\u201d 16\/07<\/em><\/strong>: no cap\u00edtulo 059(*) da novela, quinta-feira, 16 de julho, Ara\u00fajo descobre que a cirurgia de Cl\u00e1udio ser\u00e1 arriscada. Anast\u00e1cia decide usar seus investimentos pessoais para pagar Ernesto, e Ara\u00fajo se ressente de n\u00e3o poder custear a opera\u00e7\u00e3o de seu filho. Maria sugere que Candinho visite Filomena. Pancr\u00e1cio insinua a Anast\u00e1cia que Sandra n\u00e3o \u00e9 inocente. N\u00e1dia confirma para Sandra que o pai do beb\u00ea de Filomena \u00e9 Candinho.<\/p>\n<p>N\u00e1dia avisa a Sandra que Maria a sondou sobre Filomena. Candinho beija Filomena, que afirma que n\u00e3o atrapalhar\u00e1 sua vida com Sandra. Cunegundes planeja retomar o controle de sua fazenda. Pandolfo corteja Eponina e Mafalda percebe.<\/p>\n<p>Z\u00e9 dos Porcos e Mafalda se beijam. Paulina comenta com Severo que reconquistar Diana ser\u00e1 dif\u00edcil. Os\u00f3rio pede Gerusa em casamento. Sandra arma com F\u00e1bio para separar Maria de Celso. F\u00e1bio abra\u00e7a Maria e Sandra faz com que Celso flagre os dois juntos.<\/p>\n<p>(*) edi\u00e7\u00e3o das novelas da Globo, \u201cEta Mundo Bom\u201d, sujeito a altera\u00e7\u00e3o de data e conte\u00fado.<\/p>\n<p>&#8220;Eta Mundo Bom&#8221; \u00e9 ambientada em 1948. A trama conta a hist\u00f3ria de Candinho (S\u00e9rgio Guiz\u00e9), que foi separado da m\u00e3e logo ap\u00f3s seu nascimento e foi acolhido pelo casal Cunegundes (Elizabeth Savalla) e Quinzinho (Ary Fontoura), donos da decadente fazenda Dom Pedro II, perto da cidade fict\u00edcia de Piracema, por volta dos anos 20.<\/p>\n","protected":false},"excerpt":{"rendered":"<p>Resumo novela \u201cEta Mundo Bom\u201d 16\/07: no cap\u00edtulo 059(*) da novela, quinta-feira, 16 de julho, Ara\u00fajo descobre que a cirurgia de Cl\u00e1udio ser\u00e1 arriscada. Anast\u00e1cia decide usar seus investimentos pessoais para pagar Ernesto, e Ara\u00fajo se ressente de n\u00e3o poder custear a opera\u00e7\u00e3o de seu filho. Maria sugere que Candinho visite Filomena. Pancr\u00e1cio insinua a [&hellip;]<\/p>\n","protected":false},"author":2,"featured_media":195129,"comment_status":"closed","ping_status":"closed","sticky":false,"template":"","format":"standard","meta":{"tdm_status":"","tdm_grid_status":"","footnotes":""},"categories":[558,379,375,343],"tags":[441],"class_list":{"0":"post-195594","1":"post","2":"type-post","3":"status-publish","4":"format-standard","5":"has-post-thumbnail","7":"category-eta-mundo-bom","8":"category-novelas","9":"category-rede-globo","10":"category-televisao","11":"tag-resumo-do-dia"},"_links":{"self":[{"href":"https:\/\/migracao.redenoticia.com.br\/noticia\/wp-json\/wp\/v2\/posts\/195594","targetHints":{"allow":["GET"]}}],"collection":[{"href":"https:\/\/migracao.redenoticia.com.br\/noticia\/wp-json\/wp\/v2\/posts"}],"about":[{"href":"https:\/\/migracao.redenoticia.com.br\/noticia\/wp-json\/wp\/v2\/types\/post"}],"author":[{"embeddable":true,"href":"https:\/\/migracao.redenoticia.com.br\/noticia\/wp-json\/wp\/v2\/users\/2"}],"replies":[{"embeddable":true,"href":"https:\/\/migracao.redenoticia.com.br\/noticia\/wp-json\/wp\/v2\/comments?post=195594"}],"version-history":[{"count":0,"href":"https:\/\/migracao.redenoticia.com.br\/noticia\/wp-json\/wp\/v2\/posts\/195594\/revisions"}],"wp:featuredmedia":[{"embeddable":true,"href":"https:\/\/migracao.redenoticia.com.br\/noticia\/wp-json\/wp\/v2\/media\/195129"}],"wp:attachment":[{"href":"https:\/\/migracao.redenoticia.com.br\/noticia\/wp-json\/wp\/v2\/media?parent=195594"}],"wp:term":[{"taxonomy":"category","embeddable":true,"href":"https:\/\/migracao.redenoticia.com.br\/noticia\/wp-json\/wp\/v2\/categories?post=195594"},{"taxonomy":"post_tag","embeddable":true,"href":"https:\/\/migracao.redenoticia.com.br\/noticia\/wp-json\/wp\/v2\/tags?post=195594"}],"curies":[{"name":"wp","href":"https:\/\/api.w.org\/{rel}","templated":true}]}}