{"id":195615,"date":"2020-08-01T00:22:12","date_gmt":"2020-08-01T03:22:12","guid":{"rendered":"https:\/\/www.redenoticia.com.br\/noticia\/?p=195615"},"modified":"2020-08-08T19:14:48","modified_gmt":"2020-08-08T22:14:48","slug":"novo-mundo-leopoldina-repreende-pedro-pela-gravidez-de-benedita","status":"publish","type":"post","link":"https:\/\/migracao.redenoticia.com.br\/noticia\/2020\/novo-mundo-leopoldina-repreende-pedro-pela-gravidez-de-benedita\/195615","title":{"rendered":"&#8220;Novo Mundo&#8221;: Leopoldina questiona Pedro pela gravidez de Benedita"},"content":{"rendered":"<p><img loading=\"lazy\" decoding=\"async\" class=\"aligncenter size-full wp-image-195883\" src=\"https:\/\/migracao.redenoticia.com.br\/noticia\/imagens\/novela-novo-mundo-resumo-pedro-anna-leopoldina.jpg\" alt=\"\" width=\"1280\" height=\"720\" srcset=\"https:\/\/migracao.redenoticia.com.br\/noticia\/imagens\/novela-novo-mundo-resumo-pedro-anna-leopoldina.jpg 1280w, https:\/\/migracao.redenoticia.com.br\/noticia\/imagens\/novela-novo-mundo-resumo-pedro-anna-leopoldina-250x140.jpg 250w, https:\/\/migracao.redenoticia.com.br\/noticia\/imagens\/novela-novo-mundo-resumo-pedro-anna-leopoldina-400x225.jpg 400w, https:\/\/migracao.redenoticia.com.br\/noticia\/imagens\/novela-novo-mundo-resumo-pedro-anna-leopoldina-768x432.jpg 768w, https:\/\/migracao.redenoticia.com.br\/noticia\/imagens\/novela-novo-mundo-resumo-pedro-anna-leopoldina-150x85.jpg 150w, https:\/\/migracao.redenoticia.com.br\/noticia\/imagens\/novela-novo-mundo-resumo-pedro-anna-leopoldina-696x392.jpg 696w, https:\/\/migracao.redenoticia.com.br\/noticia\/imagens\/novela-novo-mundo-resumo-pedro-anna-leopoldina-1068x601.jpg 1068w\" sizes=\"auto, (max-width: 1280px) 100vw, 1280px\" \/><\/p>\n<p>Na reprise da novela da Globo <strong><em>Novo Mundo<\/em><\/strong>, Benedita (Larissa Bracher), irm\u00e3 Domitila (Agatha Moreira), anuncia que espera um filho de Pedro (Caio Castro). Leopoldina (Let\u00edcia Colin) descobre a novidade e espera uma oportunidade para repreender Pedro pela gravidez de Benedita. Todos comemoram o anivers\u00e1rio de Bonif\u00e1cio (Felipe Camargo) e a princesa faz um brinde a seu grande amigo.<\/p>\n<p>Joaquim (Chay Suede) tamb\u00e9m marca a presen\u00e7a, e todos comemoram juntos. Dom Pedro chega e pergunta. &#8220;Boa noite a todos! Uma comemora\u00e7\u00e3o?! Posso me juntar a voc\u00eas?!&#8221;, pergunta. &#8220;Por acaso a gravidez da irm\u00e3 de sua mulher lhe causou problemas, Pedro?!&#8221;, pergunta Leopoldina.<\/p>\n<p>Cenas previstas para julho na novela \u201cNovo Mundo\u201d.<\/p>\n<p>Sinopse Novela &#8220;Novo Mundo&#8221;: Jovem ator de Commedia dell&#8217;Arte, Joaquim se apaixona completamente por Anna quando embarca no navio Real rumo ao Novo Mundo. Chegando ao Brasil, torna-se um her\u00f3i e defensor de Dom Pedro, al\u00e9m de grande entusiasta da Independ\u00eancia brasileira. &#8230; &#8220;Uma mulher fant\u00e1stica e poderosa&#8221;, assim era Maria Leopoldina, esposa do imperador Dom Pedro I na hist\u00f3ria do Brasil. E a Leopoldina retratada em Novo Mundo, a nova novela das 6, \u00e9 uma grande homenagem de Let\u00edcia Colin a esta figura t\u00e3o importante a partir do texto de Thereza Falc\u00e3o e Alessandro Marson e da dire\u00e7\u00e3o art\u00edstica de Vin\u00edcius Coimbra. A atriz mergulhou no universo da austr\u00edaca que se jogou neste pa\u00eds e abra\u00e7ou estas terras.<\/p>\n","protected":false},"excerpt":{"rendered":"<p>Na reprise da novela da Globo Novo Mundo, Benedita (Larissa Bracher), irm\u00e3 Domitila (Agatha Moreira), anuncia que espera um filho de Pedro (Caio Castro). Leopoldina (Let\u00edcia Colin) descobre a novidade e espera uma oportunidade para repreender Pedro pela gravidez de Benedita. Todos comemoram o anivers\u00e1rio de Bonif\u00e1cio (Felipe Camargo) e a princesa faz um brinde [&hellip;]<\/p>\n","protected":false},"author":2,"featured_media":195881,"comment_status":"closed","ping_status":"closed","sticky":false,"template":"","format":"standard","meta":{"tdm_status":"","tdm_grid_status":"","footnotes":""},"categories":[388,379,557,375,343],"tags":[440],"class_list":{"0":"post-195615","1":"post","2":"type-post","3":"status-publish","4":"format-standard","5":"has-post-thumbnail","7":"category-destaques","8":"category-novelas","9":"category-novo-mundo","10":"category-rede-globo","11":"category-televisao","12":"tag-noticia-novela"},"_links":{"self":[{"href":"https:\/\/migracao.redenoticia.com.br\/noticia\/wp-json\/wp\/v2\/posts\/195615","targetHints":{"allow":["GET"]}}],"collection":[{"href":"https:\/\/migracao.redenoticia.com.br\/noticia\/wp-json\/wp\/v2\/posts"}],"about":[{"href":"https:\/\/migracao.redenoticia.com.br\/noticia\/wp-json\/wp\/v2\/types\/post"}],"author":[{"embeddable":true,"href":"https:\/\/migracao.redenoticia.com.br\/noticia\/wp-json\/wp\/v2\/users\/2"}],"replies":[{"embeddable":true,"href":"https:\/\/migracao.redenoticia.com.br\/noticia\/wp-json\/wp\/v2\/comments?post=195615"}],"version-history":[{"count":0,"href":"https:\/\/migracao.redenoticia.com.br\/noticia\/wp-json\/wp\/v2\/posts\/195615\/revisions"}],"wp:featuredmedia":[{"embeddable":true,"href":"https:\/\/migracao.redenoticia.com.br\/noticia\/wp-json\/wp\/v2\/media\/195881"}],"wp:attachment":[{"href":"https:\/\/migracao.redenoticia.com.br\/noticia\/wp-json\/wp\/v2\/media?parent=195615"}],"wp:term":[{"taxonomy":"category","embeddable":true,"href":"https:\/\/migracao.redenoticia.com.br\/noticia\/wp-json\/wp\/v2\/categories?post=195615"},{"taxonomy":"post_tag","embeddable":true,"href":"https:\/\/migracao.redenoticia.com.br\/noticia\/wp-json\/wp\/v2\/tags?post=195615"}],"curies":[{"name":"wp","href":"https:\/\/api.w.org\/{rel}","templated":true}]}}