{"id":195618,"date":"2020-07-26T16:29:13","date_gmt":"2020-07-26T19:29:13","guid":{"rendered":"https:\/\/www.redenoticia.com.br\/noticia\/?p=195618"},"modified":"2020-07-26T19:04:26","modified_gmt":"2020-07-26T22:04:26","slug":"novela-eta-mundo-bom-araujo-decide-tomar-todo-o-dinheiro-de-anastacia","status":"publish","type":"post","link":"https:\/\/migracao.redenoticia.com.br\/noticia\/2020\/novela-eta-mundo-bom-araujo-decide-tomar-todo-o-dinheiro-de-anastacia\/195618","title":{"rendered":"Novela &#8220;Eta Mundo Bom&#8221;: Ara\u00fajo decide tomar o dinheiro de Anast\u00e1cia"},"content":{"rendered":"<p><img loading=\"lazy\" decoding=\"async\" src=\"https:\/\/migracao.redenoticia.com.br\/noticia\/imagens\/eta-mundo-bom-resumo-celso-maria-candinho-anastacia.jpg\" alt=\"\" width=\"1280\" height=\"720\" class=\"aligncenter size-full wp-image-195892\" srcset=\"https:\/\/migracao.redenoticia.com.br\/noticia\/imagens\/eta-mundo-bom-resumo-celso-maria-candinho-anastacia.jpg 1280w, https:\/\/migracao.redenoticia.com.br\/noticia\/imagens\/eta-mundo-bom-resumo-celso-maria-candinho-anastacia-250x140.jpg 250w, https:\/\/migracao.redenoticia.com.br\/noticia\/imagens\/eta-mundo-bom-resumo-celso-maria-candinho-anastacia-400x225.jpg 400w, https:\/\/migracao.redenoticia.com.br\/noticia\/imagens\/eta-mundo-bom-resumo-celso-maria-candinho-anastacia-768x432.jpg 768w, https:\/\/migracao.redenoticia.com.br\/noticia\/imagens\/eta-mundo-bom-resumo-celso-maria-candinho-anastacia-150x85.jpg 150w, https:\/\/migracao.redenoticia.com.br\/noticia\/imagens\/eta-mundo-bom-resumo-celso-maria-candinho-anastacia-696x392.jpg 696w, https:\/\/migracao.redenoticia.com.br\/noticia\/imagens\/eta-mundo-bom-resumo-celso-maria-candinho-anastacia-1068x601.jpg 1068w\" sizes=\"auto, (max-width: 1280px) 100vw, 1280px\" \/><\/p>\n<p>Na <strong><em>Novela &#8220;Eta Mundo Bom&#8221;<\/em><\/strong>, Sandra (Fl\u00e1via Alessandra) \u00e9 abandonada no altar pelo filho de sua tia Anast\u00e1cia (Eliane Giardini) e decide envolver Ara\u00fajo (Fl\u00e1vio Tolezani) no seu novo plano sujo para ficar milion\u00e1ria. Disposta a seduzir o homem de confian\u00e7a de Anast\u00e1cia, a megera pede para usar a casa de Paulina (Suely Franco) para se encontrar a s\u00f3s com o marido de sua melhor amiga, Ilde (Guilhermina Guinle): &#8220;Fico at\u00e9 corada em dizer, mas preciso de um lugar para me encontrar com um cavalheiro. \u00c0s tardes. Pensei que aqui seria discreto, se a senhora permitisse&#8221;. A senhora concorda e aproveita para alfinetar a loira: &#8220;N\u00e3o \u00e9 do tipo que fica corada&#8221;.<\/p>\n<p>Depois de abusar do amante nos aposentos de Paulina, a loira diz: \u201cNem sei como encarar Ilde (Guilhermina Guinle) novamente. \u00c9 minha melhor amiga e sua esposa\u201d. O advogado sente culpa e Sandra usa a ainda comenta sobre a opera\u00e7\u00e3o de Claudinho (Xande Valois): \u201cQueria tanto que ele fizesse a opera\u00e7\u00e3o, que tivesse a oportunidade de voltar a andar! Eu sei como voc\u00ea pode arrumar o dinheiro para operar seu filho\u201d.<\/p>\n<p>Sandra revela o plano s\u00f3rdido de passar a fortuna da tia para o seu nome. Ara\u00fajo comenta: &#8220;Dona Anast\u00e1cia l\u00ea e assina todos os documentos da f\u00e1brica. Para supervisionar meu trabalho. Embora eu tenha uma procura\u00e7\u00e3o com plenos poderes&#8221;. Ara\u00fajo escuta proposta da amante: &#8220;Voc\u00ea pode passar a f\u00e1brica, a casa e todas as propriedades de titia para meu nome. Teria tamb\u00e9m o seu quinh\u00e3o&#8221;, sugere ela.<\/p>\n<p>Dias depois, Ara\u00fajo \u00e9 flagrado por Ilde aos beijos com Sandra. Ele discute com a mulher e descobre que Ilde maltrata Claudinho. O advogado expulsa Ilde de casa, mas ela faz quest\u00e3o de sua parte nos bens do casal e, com isso, o homem adquire mais d\u00edvidas. Desesperado para conseguir o dinheiro da cirurgia de Claudio, ele aceita fazer parte do plano: &#8220;Eu aceito sua ideia. (&#8230;) Vamos tomar todo o dinheiro de sua tia. Mas hei de querer minha parte&#8221;. Sandra sorri.<\/p>\n<p>Cenas previstas para julho na novela &#8220;Eta Mundo Bom&#8221;.<\/p>\n<p>Sinopse Novela &#8220;Eta Mundo Bom&#8221;: Ambientada em 1948, a trama conta a hist\u00f3ria de Candinho (S\u00e9rgio Guiz\u00e9), que foi separado da m\u00e3e logo ap\u00f3s seu nascimento e foi acolhido pelo casal Cunegundes (Elizabeth Savalla) e Quinzinho (Ary Fontoura), donos da decadente fazenda Dom Pedro II, perto da cidade fict\u00edcia de Piracema, por volta dos anos 20. O casal, que h\u00e1 tempos tenta um herdeiro sem sucesso, decide ficar com o beb\u00ea. Mas n\u00e3o demora para Cunegundes finalmente engravidar e ganhar tr\u00eas filhos leg\u00edtimos: Filomena, a Fil\u00f3 (D\u00e9bora Nascimento), Mafalda (Camila Queiroz) e Quincas (Miguel R\u00f4mulo), e o pobre Candinho vai sendo deixado de lado pelos \u201cpais\u201d, mesmo com a prote\u00e7\u00e3o de Eponina (Rosi Campos), irm\u00e3 de Quinzinho, e Manuela (Dhu Moraes), a empregada da fazenda. Um amigo da fam\u00edlia tamb\u00e9m est\u00e1 sempre por perto, apoiando Candinho: Pancr\u00e1cio (Marco Nanini).<\/p>\n","protected":false},"excerpt":{"rendered":"<p>Na Novela &#8220;Eta Mundo Bom&#8221;, Sandra (Fl\u00e1via Alessandra) \u00e9 abandonada no altar pelo filho de sua tia Anast\u00e1cia (Eliane Giardini) e decide envolver Ara\u00fajo (Fl\u00e1vio Tolezani) no seu novo plano sujo para ficar milion\u00e1ria. Disposta a seduzir o homem de confian\u00e7a de Anast\u00e1cia, a megera pede para usar a casa de Paulina (Suely Franco) para [&hellip;]<\/p>\n","protected":false},"author":2,"featured_media":195884,"comment_status":"closed","ping_status":"closed","sticky":false,"template":"","format":"standard","meta":{"tdm_status":"","tdm_grid_status":"","footnotes":""},"categories":[388,558,379,375,343],"tags":[440],"class_list":{"0":"post-195618","1":"post","2":"type-post","3":"status-publish","4":"format-standard","5":"has-post-thumbnail","7":"category-destaques","8":"category-eta-mundo-bom","9":"category-novelas","10":"category-rede-globo","11":"category-televisao","12":"tag-noticia-novela"},"_links":{"self":[{"href":"https:\/\/migracao.redenoticia.com.br\/noticia\/wp-json\/wp\/v2\/posts\/195618","targetHints":{"allow":["GET"]}}],"collection":[{"href":"https:\/\/migracao.redenoticia.com.br\/noticia\/wp-json\/wp\/v2\/posts"}],"about":[{"href":"https:\/\/migracao.redenoticia.com.br\/noticia\/wp-json\/wp\/v2\/types\/post"}],"author":[{"embeddable":true,"href":"https:\/\/migracao.redenoticia.com.br\/noticia\/wp-json\/wp\/v2\/users\/2"}],"replies":[{"embeddable":true,"href":"https:\/\/migracao.redenoticia.com.br\/noticia\/wp-json\/wp\/v2\/comments?post=195618"}],"version-history":[{"count":0,"href":"https:\/\/migracao.redenoticia.com.br\/noticia\/wp-json\/wp\/v2\/posts\/195618\/revisions"}],"wp:featuredmedia":[{"embeddable":true,"href":"https:\/\/migracao.redenoticia.com.br\/noticia\/wp-json\/wp\/v2\/media\/195884"}],"wp:attachment":[{"href":"https:\/\/migracao.redenoticia.com.br\/noticia\/wp-json\/wp\/v2\/media?parent=195618"}],"wp:term":[{"taxonomy":"category","embeddable":true,"href":"https:\/\/migracao.redenoticia.com.br\/noticia\/wp-json\/wp\/v2\/categories?post=195618"},{"taxonomy":"post_tag","embeddable":true,"href":"https:\/\/migracao.redenoticia.com.br\/noticia\/wp-json\/wp\/v2\/tags?post=195618"}],"curies":[{"name":"wp","href":"https:\/\/api.w.org\/{rel}","templated":true}]}}