{"id":195622,"date":"2020-07-24T17:27:50","date_gmt":"2020-07-24T20:27:50","guid":{"rendered":"https:\/\/www.redenoticia.com.br\/noticia\/?p=195622"},"modified":"2020-07-24T18:20:54","modified_gmt":"2020-07-24T21:20:54","slug":"totalmente-demais-gilda-destroi-o-sonho-de-eliza","status":"publish","type":"post","link":"https:\/\/migracao.redenoticia.com.br\/noticia\/2020\/totalmente-demais-gilda-destroi-o-sonho-de-eliza\/195622","title":{"rendered":"&#8220;Totalmente Demais&#8221;: Gilda destr\u00f3i o sonho de Eliza"},"content":{"rendered":"<p><img loading=\"lazy\" decoding=\"async\" src=\"https:\/\/migracao.redenoticia.com.br\/noticia\/imagens\/totalmente-demais-eliza-arthur-carol.jpg\" alt=\"\" width=\"1280\" height=\"720\" class=\"aligncenter size-full wp-image-195874\" srcset=\"https:\/\/migracao.redenoticia.com.br\/noticia\/imagens\/totalmente-demais-eliza-arthur-carol.jpg 1280w, https:\/\/migracao.redenoticia.com.br\/noticia\/imagens\/totalmente-demais-eliza-arthur-carol-250x140.jpg 250w, https:\/\/migracao.redenoticia.com.br\/noticia\/imagens\/totalmente-demais-eliza-arthur-carol-400x225.jpg 400w, https:\/\/migracao.redenoticia.com.br\/noticia\/imagens\/totalmente-demais-eliza-arthur-carol-768x432.jpg 768w, https:\/\/migracao.redenoticia.com.br\/noticia\/imagens\/totalmente-demais-eliza-arthur-carol-150x85.jpg 150w, https:\/\/migracao.redenoticia.com.br\/noticia\/imagens\/totalmente-demais-eliza-arthur-carol-696x392.jpg 696w, https:\/\/migracao.redenoticia.com.br\/noticia\/imagens\/totalmente-demais-eliza-arthur-carol-1068x601.jpg 1068w\" sizes=\"auto, (max-width: 1280px) 100vw, 1280px\" \/><\/p>\n<p>Na telenovela <em><strong>&#8220;Totalmente Demais&#8221;<\/strong><\/em>, Gilda (Leona Cavalli) discute com Eliza (Marina Ruy Barbosa), defende o marido e acaba com o sonho da modelo. Ela diz que n\u00e3o quer ficar com a filha.<\/p>\n<p>Dino (Paulo Rocha) finge ser amoroso e comprensivo, Gilda acredita e briga com a filha ruiva para defender o marido. Logo depois, Eliza vence o concurso Garota Totalmente Demais e pensa em trazer a m\u00e3e e os irm\u00e3os para o Rio de Janeiro. Com o incentivo de Arthur (F\u00e1bio Assun\u00e7\u00e3o), a ruivinha liga para Campo Claro.<\/p>\n<p>Gilda n\u00e3o se empolga quando Eliza conta sobre sua vit\u00f3ria e esclarece: &#8220;J\u00e1 disse que voc\u00ea n\u00e3o vai desfazer a minha fam\u00edlia. (&#8230;) Usa o dinheiro que voc\u00ea ganhou pra fazer alguma coisa boa por voc\u00ea mesma. (&#8230;) Seja feliz. A gente vai tentar ser feliz aqui tamb\u00e9m&#8221;. Eliza fica arrasada.<\/p>\n<p>Cenas previstas para julho na novela \u201cTotalmente Demais\u201d.<\/p>\n<p>Sinopse Novela &#8220;Totalmente Demais&#8221;: Ap\u00f3s sofrer ass\u00e9dio do padrasto, Eliza (Marina Ruy Barbosa) foge para a capital. Nas ruas do Rio de Janeiro, ela conhece Jonatas (Felipe Simas), que se torna seu primeiro amor. Os dois passam a morar em um cinema abandonado, no Bairro de F\u00e1tima. A vida da vendedora de flores se transforma quando ela conhece Arthur (F\u00e1bio Assun\u00e7\u00e3o). O dono da ag\u00eancia Excalibur procura uma modelo para ganhar o concurso Garota Totalmente Demais.<\/p>\n","protected":false},"excerpt":{"rendered":"<p>Na telenovela &#8220;Totalmente Demais&#8221;, Gilda (Leona Cavalli) discute com Eliza (Marina Ruy Barbosa), defende o marido e acaba com o sonho da modelo. Ela diz que n\u00e3o quer ficar com a filha. Dino (Paulo Rocha) finge ser amoroso e comprensivo, Gilda acredita e briga com a filha ruiva para defender o marido. Logo depois, Eliza [&hellip;]<\/p>\n","protected":false},"author":2,"featured_media":195877,"comment_status":"closed","ping_status":"closed","sticky":false,"template":"","format":"standard","meta":{"tdm_status":"","tdm_grid_status":"","footnotes":""},"categories":[388,379,375,343,556],"tags":[440],"class_list":{"0":"post-195622","1":"post","2":"type-post","3":"status-publish","4":"format-standard","5":"has-post-thumbnail","7":"category-destaques","8":"category-novelas","9":"category-rede-globo","10":"category-televisao","11":"category-totalmente-demais","12":"tag-noticia-novela"},"_links":{"self":[{"href":"https:\/\/migracao.redenoticia.com.br\/noticia\/wp-json\/wp\/v2\/posts\/195622","targetHints":{"allow":["GET"]}}],"collection":[{"href":"https:\/\/migracao.redenoticia.com.br\/noticia\/wp-json\/wp\/v2\/posts"}],"about":[{"href":"https:\/\/migracao.redenoticia.com.br\/noticia\/wp-json\/wp\/v2\/types\/post"}],"author":[{"embeddable":true,"href":"https:\/\/migracao.redenoticia.com.br\/noticia\/wp-json\/wp\/v2\/users\/2"}],"replies":[{"embeddable":true,"href":"https:\/\/migracao.redenoticia.com.br\/noticia\/wp-json\/wp\/v2\/comments?post=195622"}],"version-history":[{"count":0,"href":"https:\/\/migracao.redenoticia.com.br\/noticia\/wp-json\/wp\/v2\/posts\/195622\/revisions"}],"wp:featuredmedia":[{"embeddable":true,"href":"https:\/\/migracao.redenoticia.com.br\/noticia\/wp-json\/wp\/v2\/media\/195877"}],"wp:attachment":[{"href":"https:\/\/migracao.redenoticia.com.br\/noticia\/wp-json\/wp\/v2\/media?parent=195622"}],"wp:term":[{"taxonomy":"category","embeddable":true,"href":"https:\/\/migracao.redenoticia.com.br\/noticia\/wp-json\/wp\/v2\/categories?post=195622"},{"taxonomy":"post_tag","embeddable":true,"href":"https:\/\/migracao.redenoticia.com.br\/noticia\/wp-json\/wp\/v2\/tags?post=195622"}],"curies":[{"name":"wp","href":"https:\/\/api.w.org\/{rel}","templated":true}]}}