{"id":195626,"date":"2020-08-30T12:30:31","date_gmt":"2020-08-30T15:30:31","guid":{"rendered":"https:\/\/www.redenoticia.com.br\/noticia\/?p=195626"},"modified":"2020-08-30T13:31:07","modified_gmt":"2020-08-30T16:31:07","slug":"novela-fina-estampa-teodora-decide-se-afastar-de-quinzinho","status":"publish","type":"post","link":"https:\/\/migracao.redenoticia.com.br\/noticia\/2020\/novela-fina-estampa-teodora-decide-se-afastar-de-quinzinho\/195626","title":{"rendered":"Novela \u201cFina Estampa\u201d: Teodora decide se mudar do pa\u00eds sem levar Quinzinho"},"content":{"rendered":"<p><img loading=\"lazy\" decoding=\"async\" src=\"https:\/\/migracao.redenoticia.com.br\/noticia\/imagens\/resumo-fina-estampa-resumo-novela-das-nove-novela-da-globo-3.jpg\" alt=\"\" width=\"1280\" height=\"720\" class=\"aligncenter size-full wp-image-195132\" srcset=\"https:\/\/migracao.redenoticia.com.br\/noticia\/imagens\/resumo-fina-estampa-resumo-novela-das-nove-novela-da-globo-3.jpg 1280w, https:\/\/migracao.redenoticia.com.br\/noticia\/imagens\/resumo-fina-estampa-resumo-novela-das-nove-novela-da-globo-3-250x140.jpg 250w, https:\/\/migracao.redenoticia.com.br\/noticia\/imagens\/resumo-fina-estampa-resumo-novela-das-nove-novela-da-globo-3-400x225.jpg 400w, https:\/\/migracao.redenoticia.com.br\/noticia\/imagens\/resumo-fina-estampa-resumo-novela-das-nove-novela-da-globo-3-768x432.jpg 768w, https:\/\/migracao.redenoticia.com.br\/noticia\/imagens\/resumo-fina-estampa-resumo-novela-das-nove-novela-da-globo-3-150x85.jpg 150w, https:\/\/migracao.redenoticia.com.br\/noticia\/imagens\/resumo-fina-estampa-resumo-novela-das-nove-novela-da-globo-3-696x392.jpg 696w, https:\/\/migracao.redenoticia.com.br\/noticia\/imagens\/resumo-fina-estampa-resumo-novela-das-nove-novela-da-globo-3-1068x601.jpg 1068w\" sizes=\"auto, (max-width: 1280px) 100vw, 1280px\" \/><\/p>\n<p>Na novela <em><strong>\u201cFina Estampa\u201d<\/strong><\/em> Teodora (Carolina Dieckmann) decide se mudar do pa\u00eds sem levar Quinzinho (Gabriel Pel\u00edcia). Acontece que Teodora descobre que est\u00e1 gr\u00e1vida e aceita fazer o exame de DNA para provar a Quinz\u00e9 (Malvino Salvador) que espera outro filho dele. Quando d\u00e1 positivo, ela diz que agora \u00e9 ela que n\u00e3o quer voltar para o ex marido. Logo depois, Quinz\u00e9 procura Teodora para saber o que ela quer falar sobre Quinzinho e ela revela: &#8220;Antes de falar sobre ele, quero te dizer outra coisa&#8230; Eu vou embora&#8221;. <\/p>\n<p>Ele reage com ironia: &#8220;(&#8230;) J\u00e1 entendi&#8230; Voc\u00ea vai embora com o teu novo macho!&#8221;. Teodora chora: &#8220;Vou deixar o Quinzinho contigo e vou embora para bem longe. Eu&#8230; e mais o filho que estou esperando&#8221;. A \u00fanica exig\u00eancia da loira \u00e9 passar um dia inteiro com o pequeno.<\/p>\n<p>Quinz\u00e9 sai e Teodora se atira na cama, quando Griselda (Lilia Cabral) entra e questiona: &#8220;D\u00e1 para me explicar o porqu\u00ea desse choror\u00f4 todo?&#8221;. A loira diz que n\u00e3o deve satisfa\u00e7\u00f5es e reclama de n\u00e3o poder ver o filho: &#8220;Eu posso ser burra, tonta, meio aloprada das ideias, mas quando eu digo que amo meu filho, que quero ficar com ele, sou sincera!&#8221;. <\/p>\n<p>Griselda quer saber para onde Teodora vai, mas a loira \u00e9 irredut\u00edvel: &#8220;N\u00e3o quero mais saber de conversas com voc\u00ea e sua fam\u00edlia&#8230; Eu vou embora, sim! Com o cora\u00e7\u00e3o em peda\u00e7os por causa do Quinzinho&#8230; Mas, a partir de agora, deixo voc\u00eas em paz, eu prometo&#8221;. Cenas previstas para julho e agosto na novela \u201cFina Estampa\u201d.<\/p>\n<p>Sinopse \u201cFina Estampa\u201d: A vi\u00fava Griselda, conhecida como Pereir\u00e3o, trabalha como faz-tudo para sustentar seus tr\u00eas filhos. J\u00e1 Tereza Cristina \u00e9 uma socialite que acredita ter a vida perfeita. Seus destinos se cruzam por acaso e tudo muda quando Griselda fica milion\u00e1ria.<\/p>\n","protected":false},"excerpt":{"rendered":"<p>Na novela \u201cFina Estampa\u201d Teodora (Carolina Dieckmann) decide se mudar do pa\u00eds sem levar Quinzinho (Gabriel Pel\u00edcia). Acontece que Teodora descobre que est\u00e1 gr\u00e1vida e aceita fazer o exame de DNA para provar a Quinz\u00e9 (Malvino Salvador) que espera outro filho dele. Quando d\u00e1 positivo, ela diz que agora \u00e9 ela que n\u00e3o quer voltar [&hellip;]<\/p>\n","protected":false},"author":2,"featured_media":195871,"comment_status":"closed","ping_status":"closed","sticky":false,"template":"","format":"standard","meta":{"tdm_status":"","tdm_grid_status":"","footnotes":""},"categories":[388,555,379,375,343],"tags":[440],"class_list":{"0":"post-195626","1":"post","2":"type-post","3":"status-publish","4":"format-standard","5":"has-post-thumbnail","7":"category-destaques","8":"category-fina-estampa","9":"category-novelas","10":"category-rede-globo","11":"category-televisao","12":"tag-noticia-novela"},"_links":{"self":[{"href":"https:\/\/migracao.redenoticia.com.br\/noticia\/wp-json\/wp\/v2\/posts\/195626","targetHints":{"allow":["GET"]}}],"collection":[{"href":"https:\/\/migracao.redenoticia.com.br\/noticia\/wp-json\/wp\/v2\/posts"}],"about":[{"href":"https:\/\/migracao.redenoticia.com.br\/noticia\/wp-json\/wp\/v2\/types\/post"}],"author":[{"embeddable":true,"href":"https:\/\/migracao.redenoticia.com.br\/noticia\/wp-json\/wp\/v2\/users\/2"}],"replies":[{"embeddable":true,"href":"https:\/\/migracao.redenoticia.com.br\/noticia\/wp-json\/wp\/v2\/comments?post=195626"}],"version-history":[{"count":0,"href":"https:\/\/migracao.redenoticia.com.br\/noticia\/wp-json\/wp\/v2\/posts\/195626\/revisions"}],"wp:featuredmedia":[{"embeddable":true,"href":"https:\/\/migracao.redenoticia.com.br\/noticia\/wp-json\/wp\/v2\/media\/195871"}],"wp:attachment":[{"href":"https:\/\/migracao.redenoticia.com.br\/noticia\/wp-json\/wp\/v2\/media?parent=195626"}],"wp:term":[{"taxonomy":"category","embeddable":true,"href":"https:\/\/migracao.redenoticia.com.br\/noticia\/wp-json\/wp\/v2\/categories?post=195626"},{"taxonomy":"post_tag","embeddable":true,"href":"https:\/\/migracao.redenoticia.com.br\/noticia\/wp-json\/wp\/v2\/tags?post=195626"}],"curies":[{"name":"wp","href":"https:\/\/api.w.org\/{rel}","templated":true}]}}