{"id":195640,"date":"2020-07-16T10:18:44","date_gmt":"2020-07-16T13:18:44","guid":{"rendered":"https:\/\/www.redenoticia.com.br\/noticia\/?p=195640"},"modified":"2020-07-16T20:32:05","modified_gmt":"2020-07-16T23:32:05","slug":"resumo-novela-novo-mundo-17-07-anna-propoe-um-acordo-a-fred","status":"publish","type":"post","link":"https:\/\/migracao.redenoticia.com.br\/noticia\/2020\/resumo-novela-novo-mundo-17-07-anna-propoe-um-acordo-a-fred\/195640","title":{"rendered":"Resumo novela \u201cNovo Mundo\u201d 17\/07: Anna prop\u00f5e um acordo a Fred"},"content":{"rendered":"<p> <img loading=\"lazy\" decoding=\"async\" class=\"aligncenter size-full wp-image-190256\" src=\"https:\/\/migracao.redenoticia.com.br\/noticia\/imagens\/novo-mundo-reprise-globo.jpg\" alt=\"\" width=\"600\" height=\"600\" srcset=\"https:\/\/migracao.redenoticia.com.br\/noticia\/imagens\/novo-mundo-reprise-globo.jpg 600w, https:\/\/migracao.redenoticia.com.br\/noticia\/imagens\/novo-mundo-reprise-globo-187x187.jpg 187w, https:\/\/migracao.redenoticia.com.br\/noticia\/imagens\/novo-mundo-reprise-globo-300x300.jpg 300w, https:\/\/migracao.redenoticia.com.br\/noticia\/imagens\/novo-mundo-reprise-globo-150x150.jpg 150w, https:\/\/migracao.redenoticia.com.br\/noticia\/imagens\/novo-mundo-reprise-globo-140x140.jpg 140w, https:\/\/migracao.redenoticia.com.br\/noticia\/imagens\/novo-mundo-reprise-globo-85x85.jpg 85w\" sizes=\"auto, (max-width: 600px) 100vw, 600px\" \/><\/p>\n<p><em><strong>Resumo novela \u201cNovo Mundo\u201d 17\/07<\/strong><\/em>: no cap\u00edtulo 095(*) da novela, sexta-feira, 17 de julho, Dom Pedro declara que Anna est\u00e1 sob sua prote\u00e7\u00e3o e Thomas se irrita. Greta diz a Schultz que ir\u00e1 se casar com Ferdinando e separar Diara de Wolfgang. Anna garante que encontrar\u00e1 provas contra os crimes de Thomas. Domitila teme por seu romance com Dom Pedro. Elvira tenta fugir do navio pirata. Thomas faz amea\u00e7as contra Anna. Cec\u00edlia conta a Am\u00e1lia sobre sua vida com sua m\u00e3e. Domitila vai com capangas para o encontro com Fel\u00edcio.<\/p>\n<p>Dom Pedro contraria Bonif\u00e1cio e convoca a Constituinte. Piat\u00e3 sugere que ele e Jacira deixem a aldeia. Tibiri\u00e7\u00e1 pede que Ubirajara confie em Piat\u00e3. Olinto volta para a aldeia. Domitila descobre que foi roubada. Fel\u00edcio entrega a fortuna da ex-esposa para Chala\u00e7a. Am\u00e1lia cuida de Peter. Anna prop\u00f5e um acordo a Fred.<\/p>\n<p>(*) edi\u00e7\u00e3o das novelas da Globo, \u201cNovo Mundo\u201d, sujeito a altera\u00e7\u00e3o de data e conte\u00fado.<\/p>\n<p>Sinopse \u201cNovo Mundo\u201d: Em 1817 Anna Millman (Isabelle Drummond) \u00e9 uma inglesa que \u00e9 professora de portugu\u00eas que se envolve com o ator luso-brasileiro Joaquim Martinho (Chay Suede). Os dois se conhecem na Europa, mas v\u00eam ao pa\u00eds por causa da uni\u00e3o da futura imperatriz do Brasil com Dom Pedro (Caio Castro). Seus destinos se cruzam ao se encontrarem a bordo do navio que traz a princesa Maria Leopoldina de \u00c1ustria (Let\u00edcia Colin) para o Brasil, j\u00e1 que havia se casado com Dom Pedro por meio de uma procura\u00e7\u00e3o. Os dois iniciam um romance durante a viagem ao Novo Mundo.<\/p>\n","protected":false},"excerpt":{"rendered":"<p>Resumo novela \u201cNovo Mundo\u201d 17\/07: no cap\u00edtulo 095(*) da novela, sexta-feira, 17 de julho, Dom Pedro declara que Anna est\u00e1 sob sua prote\u00e7\u00e3o e Thomas se irrita. Greta diz a Schultz que ir\u00e1 se casar com Ferdinando e separar Diara de Wolfgang. Anna garante que encontrar\u00e1 provas contra os crimes de Thomas. Domitila teme por [&hellip;]<\/p>\n","protected":false},"author":2,"featured_media":195130,"comment_status":"closed","ping_status":"closed","sticky":false,"template":"","format":"standard","meta":{"tdm_status":"","tdm_grid_status":"","footnotes":""},"categories":[379,557,375,343],"tags":[441],"class_list":{"0":"post-195640","1":"post","2":"type-post","3":"status-publish","4":"format-standard","5":"has-post-thumbnail","7":"category-novelas","8":"category-novo-mundo","9":"category-rede-globo","10":"category-televisao","11":"tag-resumo-do-dia"},"_links":{"self":[{"href":"https:\/\/migracao.redenoticia.com.br\/noticia\/wp-json\/wp\/v2\/posts\/195640","targetHints":{"allow":["GET"]}}],"collection":[{"href":"https:\/\/migracao.redenoticia.com.br\/noticia\/wp-json\/wp\/v2\/posts"}],"about":[{"href":"https:\/\/migracao.redenoticia.com.br\/noticia\/wp-json\/wp\/v2\/types\/post"}],"author":[{"embeddable":true,"href":"https:\/\/migracao.redenoticia.com.br\/noticia\/wp-json\/wp\/v2\/users\/2"}],"replies":[{"embeddable":true,"href":"https:\/\/migracao.redenoticia.com.br\/noticia\/wp-json\/wp\/v2\/comments?post=195640"}],"version-history":[{"count":0,"href":"https:\/\/migracao.redenoticia.com.br\/noticia\/wp-json\/wp\/v2\/posts\/195640\/revisions"}],"wp:featuredmedia":[{"embeddable":true,"href":"https:\/\/migracao.redenoticia.com.br\/noticia\/wp-json\/wp\/v2\/media\/195130"}],"wp:attachment":[{"href":"https:\/\/migracao.redenoticia.com.br\/noticia\/wp-json\/wp\/v2\/media?parent=195640"}],"wp:term":[{"taxonomy":"category","embeddable":true,"href":"https:\/\/migracao.redenoticia.com.br\/noticia\/wp-json\/wp\/v2\/categories?post=195640"},{"taxonomy":"post_tag","embeddable":true,"href":"https:\/\/migracao.redenoticia.com.br\/noticia\/wp-json\/wp\/v2\/tags?post=195640"}],"curies":[{"name":"wp","href":"https:\/\/api.w.org\/{rel}","templated":true}]}}