{"id":195672,"date":"2020-09-07T00:26:31","date_gmt":"2020-09-07T03:26:31","guid":{"rendered":"https:\/\/www.redenoticia.com.br\/noticia\/?p=195672"},"modified":"2020-09-08T13:19:52","modified_gmt":"2020-09-08T16:19:52","slug":"a-forca-do-querer-substitui-fina-estampa-amor-de-mae-volta-em-2021","status":"publish","type":"post","link":"https:\/\/migracao.redenoticia.com.br\/noticia\/2020\/a-forca-do-querer-substitui-fina-estampa-amor-de-mae-volta-em-2021\/195672","title":{"rendered":"&#8220;Fina Estampa&#8221; termina em setembro e ser\u00e1 substitu\u00edda por  &#8220;A For\u00e7a do Querer&#8221;"},"content":{"rendered":"<p><img loading=\"lazy\" decoding=\"async\" src=\"https:\/\/migracao.redenoticia.com.br\/noticia\/imagens\/a-forca-do-querer-resumo-sinopse.jpg\" alt=\"\" width=\"1280\" height=\"720\" class=\"aligncenter size-full wp-image-195899\" srcset=\"https:\/\/migracao.redenoticia.com.br\/noticia\/imagens\/a-forca-do-querer-resumo-sinopse.jpg 1280w, https:\/\/migracao.redenoticia.com.br\/noticia\/imagens\/a-forca-do-querer-resumo-sinopse-250x140.jpg 250w, https:\/\/migracao.redenoticia.com.br\/noticia\/imagens\/a-forca-do-querer-resumo-sinopse-400x225.jpg 400w, https:\/\/migracao.redenoticia.com.br\/noticia\/imagens\/a-forca-do-querer-resumo-sinopse-768x432.jpg 768w, https:\/\/migracao.redenoticia.com.br\/noticia\/imagens\/a-forca-do-querer-resumo-sinopse-150x85.jpg 150w, https:\/\/migracao.redenoticia.com.br\/noticia\/imagens\/a-forca-do-querer-resumo-sinopse-696x392.jpg 696w, https:\/\/migracao.redenoticia.com.br\/noticia\/imagens\/a-forca-do-querer-resumo-sinopse-1068x601.jpg 1068w\" sizes=\"auto, (max-width: 1280px) 100vw, 1280px\" \/><\/p>\n<p>Segundo nota da Globo, <strong><em>&#8220;Fina Estampa&#8221;<\/em><\/strong> termina em setembro e ser\u00e1 substitu\u00edda por &#8220;A For\u00e7a do Querer&#8221;. A novela das nove &#8220;Amor de M\u00e3e&#8221;, interrompida pela pandemia, volta em 2021. Para quem aguarda o final das novelas da Globo &#8220;Amor de M\u00e3e&#8221; e &#8220;Salve-se Quem Puder&#8221;, a Globo emitiu nota sobre o assunto: &#8220;A For\u00e7a do Querer, novela de Gloria Perez e dire\u00e7\u00e3o de Rogerio Gomes, ser\u00e1 a pr\u00f3xima novela das nove, exibida ap\u00f3s Fina Estampa. Amor de M\u00e3e e Salve-se Quem Puder voltar\u00e3o ao ar em 2021. A retomada das grava\u00e7\u00f5es das novelas segue em discuss\u00e3o, acompanhando a evolu\u00e7\u00e3o das quest\u00f5es sanit\u00e1rias, para que todas as medidas previstas sejam colocadas em pr\u00e1tica, para resguardar os profissionais envolvidos com responsabilidade e seguran\u00e7a.&#8221;<\/p>\n<p>&#8220;Fina Estampa&#8221; deve acabar em setembro, quando come\u00e7a a reprise da novela &#8220;A For\u00e7a do Querer&#8221;. A substituta de &#8220;Totalmente Demais&#8221; deve ser revelada em breve.<\/p>\n<p>O elenco de &#8220;Amor de M\u00e3e&#8221; deve retomar as grava\u00e7\u00f5es dos \u00faltimos 23 cap\u00edtulos em 10 de agosto. A Globo pretende gravar as tramas antecipadamente, para n\u00e3o correr o risco de interromer a exibi\u00e7\u00e3o das novelas. A emissora pretende usar efeitos visuais para gravar beijos e truques para evitar o contato entre personagens.<\/p>\n<p>Em &#8220;A For\u00e7a do Querer&#8221;, novela de Gl\u00f3ria Perez, Caio (Rodrigo Lombardi) se muda do Brasil quando Bibi (Juliana Paes) termina o relacionamento com ele. Passados 15 anos, Caio volta. Bibi ter\u00e1 enveredado pela vida do crime ao lado de Rubinho (Em\u00edlio Dantas). Joyce (Maria Fernanda C\u00e2ndido), esposa de Eug\u00eanio (Dan Stulbach), vive seus maiores conflitos quando a filha Ivana (Carol Duarte) se revela trans homem.<\/p>\n<p>Eurico (Humberto Martins), irm\u00e3o de Eugenio (Dan Stulbach), \u00e9 casado com Silvana (Lilia Cabral), que mergulha de cabe\u00e7a na depend\u00eancia do jogo. Nonato (Silvero Pereira) aceita trabalhar para Eurico para se manter. Dantas (Edson Celulari), pai de Cibele (Bruna Linzmeyer), trabalha com Eugenio e deseja reconhecimento.<\/p>\n<p>Ruy (Fiuk), filho de Eugenio, est\u00e1 noivo de Cibele. Em uma viagem a Parazinho \u2013 vila fict\u00edcia no Par\u00e1 \u2013, ele fica encantado por Ritinha (Isis Valverde). Apesar de ser noiva de Zeca (Marco Pigossi), nada a impede de jogar com Ruy. Zeca \u00e9 caminhoneiro, decide se mudar para Niter\u00f3i e recome\u00e7ar. Ele conhece Jeiza (Paolla Oliveira), policial que sonha em se tornar lutadora de MMA.<\/p>\n<p>RedeNoticia<\/p>\n","protected":false},"excerpt":{"rendered":"<p>Segundo nota da Globo, &#8220;Fina Estampa&#8221; termina em setembro e ser\u00e1 substitu\u00edda por &#8220;A For\u00e7a do Querer&#8221;. A novela das nove &#8220;Amor de M\u00e3e&#8221;, interrompida pela pandemia, volta em 2021. Para quem aguarda o final das novelas da Globo &#8220;Amor de M\u00e3e&#8221; e &#8220;Salve-se Quem Puder&#8221;, a Globo emitiu nota sobre o assunto: &#8220;A For\u00e7a [&hellip;]<\/p>\n","protected":false},"author":2,"featured_media":195901,"comment_status":"closed","ping_status":"closed","sticky":false,"template":"","format":"standard","meta":{"tdm_status":"","tdm_grid_status":"","footnotes":""},"categories":[2027,388,555,379,375,343],"tags":[440],"class_list":{"0":"post-195672","1":"post","2":"type-post","3":"status-publish","4":"format-standard","5":"has-post-thumbnail","7":"category-a-forca-do-querer","8":"category-destaques","9":"category-fina-estampa","10":"category-novelas","11":"category-rede-globo","12":"category-televisao","13":"tag-noticia-novela"},"_links":{"self":[{"href":"https:\/\/migracao.redenoticia.com.br\/noticia\/wp-json\/wp\/v2\/posts\/195672","targetHints":{"allow":["GET"]}}],"collection":[{"href":"https:\/\/migracao.redenoticia.com.br\/noticia\/wp-json\/wp\/v2\/posts"}],"about":[{"href":"https:\/\/migracao.redenoticia.com.br\/noticia\/wp-json\/wp\/v2\/types\/post"}],"author":[{"embeddable":true,"href":"https:\/\/migracao.redenoticia.com.br\/noticia\/wp-json\/wp\/v2\/users\/2"}],"replies":[{"embeddable":true,"href":"https:\/\/migracao.redenoticia.com.br\/noticia\/wp-json\/wp\/v2\/comments?post=195672"}],"version-history":[{"count":0,"href":"https:\/\/migracao.redenoticia.com.br\/noticia\/wp-json\/wp\/v2\/posts\/195672\/revisions"}],"wp:featuredmedia":[{"embeddable":true,"href":"https:\/\/migracao.redenoticia.com.br\/noticia\/wp-json\/wp\/v2\/media\/195901"}],"wp:attachment":[{"href":"https:\/\/migracao.redenoticia.com.br\/noticia\/wp-json\/wp\/v2\/media?parent=195672"}],"wp:term":[{"taxonomy":"category","embeddable":true,"href":"https:\/\/migracao.redenoticia.com.br\/noticia\/wp-json\/wp\/v2\/categories?post=195672"},{"taxonomy":"post_tag","embeddable":true,"href":"https:\/\/migracao.redenoticia.com.br\/noticia\/wp-json\/wp\/v2\/tags?post=195672"}],"curies":[{"name":"wp","href":"https:\/\/api.w.org\/{rel}","templated":true}]}}