{"id":195681,"date":"2020-08-30T00:25:56","date_gmt":"2020-08-30T03:25:56","guid":{"rendered":"https:\/\/www.redenoticia.com.br\/noticia\/?p=195681"},"modified":"2020-08-30T13:32:16","modified_gmt":"2020-08-30T16:32:16","slug":"veja-qual-novela-vai-substituir-eta-mundo-bom-em-agosto-2020","status":"publish","type":"post","link":"https:\/\/migracao.redenoticia.com.br\/noticia\/2020\/veja-qual-novela-vai-substituir-eta-mundo-bom-em-agosto-2020\/195681","title":{"rendered":"Veja qual novela vai substituir &#8220;Eta mundo Bom&#8221; em agosto 2020"},"content":{"rendered":"<p><img loading=\"lazy\" decoding=\"async\" src=\"https:\/\/migracao.redenoticia.com.br\/noticia\/imagens\/lacos-de-familia-resumo-sinopse-elenco.jpg\" alt=\"\" width=\"1280\" height=\"720\" class=\"aligncenter size-full wp-image-195904\" srcset=\"https:\/\/migracao.redenoticia.com.br\/noticia\/imagens\/lacos-de-familia-resumo-sinopse-elenco.jpg 1280w, https:\/\/migracao.redenoticia.com.br\/noticia\/imagens\/lacos-de-familia-resumo-sinopse-elenco-250x140.jpg 250w, https:\/\/migracao.redenoticia.com.br\/noticia\/imagens\/lacos-de-familia-resumo-sinopse-elenco-400x225.jpg 400w, https:\/\/migracao.redenoticia.com.br\/noticia\/imagens\/lacos-de-familia-resumo-sinopse-elenco-768x432.jpg 768w, https:\/\/migracao.redenoticia.com.br\/noticia\/imagens\/lacos-de-familia-resumo-sinopse-elenco-150x85.jpg 150w, https:\/\/migracao.redenoticia.com.br\/noticia\/imagens\/lacos-de-familia-resumo-sinopse-elenco-696x392.jpg 696w, https:\/\/migracao.redenoticia.com.br\/noticia\/imagens\/lacos-de-familia-resumo-sinopse-elenco-1068x601.jpg 1068w\" sizes=\"auto, (max-width: 1280px) 100vw, 1280px\" \/><\/p>\n<p><strong><em>&#8220;Eta Mundo Bom&#8221;<\/em><\/strong> ser\u00e1 substituida por <strong><em>&#8220;La\u00e7os de Fam\u00edlia&#8221;<\/em><\/strong>, em agosto 2020. A novela &#8220;La\u00e7os de Fam\u00edlia&#8221;, exibida na Globo em 2000, ser\u00e1 reprisada no Vale a Pena Ver de Novo. Ambientada no Leblon, zona sul carioca, a novela aponta para a complexidade das rela\u00e7\u00f5es amorosas e familiares, sobretudo entre pais e filhos. A ideia central de La\u00e7os de Fam\u00edlia \u00e9 o sacrif\u00edcio de Helena (Vera Fischer), que abdica de seu amor por Edu (Reynaldo Gianecchini) por sua filha Camila (Carolina Dieckmann).<\/p>\n<p>Ao perceber o envolvimento entre Camila e Edu, jovem rec\u00e9m-formado em medicina e 20 anos mais novo do que ela, Helena decide terminar o namoro com o rapaz e deixar o caminho livre para a filha. J\u00e1 casada com Edu, Camila descobre que est\u00e1 com leucemia. A doen\u00e7a revela o conflito vivido por Helena, que sempre escondeu da filha a verdadeira identidade do pai, Pedro (Jos\u00e9 Mayer). Helena se v\u00ea obrigada a contar a verdade quando Camila precisa ser submetida a um transplante de medula, j\u00e1 que seu meio-irm\u00e3o Fred (Luigi Baricelli) \u00e9 incompat\u00edvel.<\/p>\n<p>O \u00e1pice da trama acontece quando a protagonista decide engravidar para gerar um doador de medula para a filha. J\u00e1 apaixonada por Miguel (Tony Ramos), a hero\u00edna mais uma vez abre m\u00e3o de seu amor para ter um filho com Pedro e tentar salvar a vida de Camila.<\/p>\n<p>V\u00e1rias tramas paralelas ganharam destaque em La\u00e7os de Fam\u00edlia, como a da personagem Alma (Marieta Severo), que sustenta seu marido Danilo (Alexandre Borges), um sedutor irresist\u00edvel.<\/p>\n<p>Tamb\u00e9m est\u00e3o no elenco de La\u00e7os de Fam\u00edlia os atores Giovanna Antonelli, Andr\u00e9 Valli, Carla Diaz, Deborah Secco, Helena Ranaldi, Juliana Paes, Lav\u00ednia Vlasak e Regiane Alves, entre outros.<\/p>\n","protected":false},"excerpt":{"rendered":"<p>&#8220;Eta Mundo Bom&#8221; ser\u00e1 substituida por &#8220;La\u00e7os de Fam\u00edlia&#8221;, em agosto 2020. A novela &#8220;La\u00e7os de Fam\u00edlia&#8221;, exibida na Globo em 2000, ser\u00e1 reprisada no Vale a Pena Ver de Novo. Ambientada no Leblon, zona sul carioca, a novela aponta para a complexidade das rela\u00e7\u00f5es amorosas e familiares, sobretudo entre pais e filhos. A ideia [&hellip;]<\/p>\n","protected":false},"author":2,"featured_media":195903,"comment_status":"closed","ping_status":"closed","sticky":false,"template":"","format":"standard","meta":{"tdm_status":"","tdm_grid_status":"","footnotes":""},"categories":[388,558,379,375,343],"tags":[440],"class_list":{"0":"post-195681","1":"post","2":"type-post","3":"status-publish","4":"format-standard","5":"has-post-thumbnail","7":"category-destaques","8":"category-eta-mundo-bom","9":"category-novelas","10":"category-rede-globo","11":"category-televisao","12":"tag-noticia-novela"},"_links":{"self":[{"href":"https:\/\/migracao.redenoticia.com.br\/noticia\/wp-json\/wp\/v2\/posts\/195681","targetHints":{"allow":["GET"]}}],"collection":[{"href":"https:\/\/migracao.redenoticia.com.br\/noticia\/wp-json\/wp\/v2\/posts"}],"about":[{"href":"https:\/\/migracao.redenoticia.com.br\/noticia\/wp-json\/wp\/v2\/types\/post"}],"author":[{"embeddable":true,"href":"https:\/\/migracao.redenoticia.com.br\/noticia\/wp-json\/wp\/v2\/users\/2"}],"replies":[{"embeddable":true,"href":"https:\/\/migracao.redenoticia.com.br\/noticia\/wp-json\/wp\/v2\/comments?post=195681"}],"version-history":[{"count":0,"href":"https:\/\/migracao.redenoticia.com.br\/noticia\/wp-json\/wp\/v2\/posts\/195681\/revisions"}],"wp:featuredmedia":[{"embeddable":true,"href":"https:\/\/migracao.redenoticia.com.br\/noticia\/wp-json\/wp\/v2\/media\/195903"}],"wp:attachment":[{"href":"https:\/\/migracao.redenoticia.com.br\/noticia\/wp-json\/wp\/v2\/media?parent=195681"}],"wp:term":[{"taxonomy":"category","embeddable":true,"href":"https:\/\/migracao.redenoticia.com.br\/noticia\/wp-json\/wp\/v2\/categories?post=195681"},{"taxonomy":"post_tag","embeddable":true,"href":"https:\/\/migracao.redenoticia.com.br\/noticia\/wp-json\/wp\/v2\/tags?post=195681"}],"curies":[{"name":"wp","href":"https:\/\/api.w.org\/{rel}","templated":true}]}}