{"id":195707,"date":"2020-07-19T23:13:20","date_gmt":"2020-07-20T02:13:20","guid":{"rendered":"https:\/\/www.redenoticia.com.br\/noticia\/?p=195707"},"modified":"2020-07-19T23:13:20","modified_gmt":"2020-07-20T02:13:20","slug":"resumo-novela-chiquititas-20-07-rafa-prende-a-mao-na-ratoeira-e-grita","status":"publish","type":"post","link":"https:\/\/migracao.redenoticia.com.br\/noticia\/2020\/resumo-novela-chiquititas-20-07-rafa-prende-a-mao-na-ratoeira-e-grita\/195707","title":{"rendered":"Resumo novela \u201cChiquititas\u201d 20\/07: Rafa prende a m\u00e3o na ratoeira e grita"},"content":{"rendered":"<p> <img loading=\"lazy\" decoding=\"async\" class=\"aligncenter size-full wp-image-148666\" src=\"https:\/\/migracao.redenoticia.com.br\/noticia\/imagens\/chiquititas-1.jpg\" alt=\"\" width=\"600\" height=\"450\" srcset=\"https:\/\/migracao.redenoticia.com.br\/noticia\/imagens\/chiquititas-1.jpg 600w, https:\/\/migracao.redenoticia.com.br\/noticia\/imagens\/chiquititas-1-250x187.jpg 250w, https:\/\/migracao.redenoticia.com.br\/noticia\/imagens\/chiquititas-1-400x300.jpg 400w, https:\/\/migracao.redenoticia.com.br\/noticia\/imagens\/chiquititas-1-150x113.jpg 150w, https:\/\/migracao.redenoticia.com.br\/noticia\/imagens\/chiquititas-1-265x198.jpg 265w\" sizes=\"auto, (max-width: 600px) 100vw, 600px\" \/><\/p>\n<p><strong><em>Resumo da novela \u201cChiquititas\u201d<\/em><\/strong> em 20\/07: no cap\u00edtulo 015(*) da novela, segunda-feira, 20 de julho, a menina diz que falavam sobre um namoro de mentira. Maria Cec\u00edlia pega na m\u00e3o de Junior, mas o rapaz tira a m\u00e3o e diz que precisam ir embora. Beto pergunta a Clarita e Tobias como est\u00e1 o relacionamento deles e diz que nunca os viu beijando. Clarita d\u00e1 v\u00e1rias desculpas ao amado, mas Beto pede que o falso casal se beije. A garota e Tobias d\u00e3o um selinho. Na cozinha, Ernestina, com os olhos fechados, continua provando que tem uma boa coordena\u00e7\u00e3o motora, mas n\u00e3o se d\u00e1 conta que est\u00e1 sozinha. Rafa acorda com muita fome e decide pegar alguns peda\u00e7os do queijo que Ernestina deixou no quarto. O garoto acaba prendendo a m\u00e3o na ratoeira e solta um grito.<\/p>\n<p>Mosca e Binho entram no quarto das meninas e vasculham tudo. Rafa decide ir ao banheiro quando Carol tamb\u00e9m entra no local. Mosca e Binho v\u00e3o ao banheiro, para procurar Rafa e quase s\u00e3o vistos por Carolina. A mo\u00e7a escuta um barulho do quarto das garotas e ao entrar v\u00ea a janela aberta. Binho e Mosca se escondem embaixo da cama. Clarita pergunta a Tobias o que est\u00e1 acontecendo e o barista diz que est\u00e1 tudo bem, mas n\u00e3o convence a garota. Clarita diz sobre o que aconteceu com Beto e pede para Tobias fazer algo para mostrar ao amado que o caminho est\u00e1 livre para ele. Os meninos voltam correndo para o por\u00e3o. Mosca, Rafa e Binho conversam sobre a aventura que tiveram.<\/p>\n<p>(*) edi\u00e7\u00e3o das novelas do SBT, \u201cChiquititas\u201d, sujeito a altera\u00e7\u00e3o de data e conte\u00fado.<\/p>\n","protected":false},"excerpt":{"rendered":"<p>Resumo da novela \u201cChiquititas\u201d em 20\/07: no cap\u00edtulo 015(*) da novela, segunda-feira, 20 de julho, a menina diz que falavam sobre um namoro de mentira. Maria Cec\u00edlia pega na m\u00e3o de Junior, mas o rapaz tira a m\u00e3o e diz que precisam ir embora. Beto pergunta a Clarita e Tobias como est\u00e1 o relacionamento deles [&hellip;]<\/p>\n","protected":false},"author":2,"featured_media":148665,"comment_status":"closed","ping_status":"closed","sticky":false,"template":"","format":"standard","meta":{"tdm_status":"","tdm_grid_status":"","footnotes":""},"categories":[409,379,372,343],"tags":[441],"class_list":{"0":"post-195707","1":"post","2":"type-post","3":"status-publish","4":"format-standard","5":"has-post-thumbnail","7":"category-chiquititas","8":"category-novelas","9":"category-sbt","10":"category-televisao","11":"tag-resumo-do-dia"},"_links":{"self":[{"href":"https:\/\/migracao.redenoticia.com.br\/noticia\/wp-json\/wp\/v2\/posts\/195707","targetHints":{"allow":["GET"]}}],"collection":[{"href":"https:\/\/migracao.redenoticia.com.br\/noticia\/wp-json\/wp\/v2\/posts"}],"about":[{"href":"https:\/\/migracao.redenoticia.com.br\/noticia\/wp-json\/wp\/v2\/types\/post"}],"author":[{"embeddable":true,"href":"https:\/\/migracao.redenoticia.com.br\/noticia\/wp-json\/wp\/v2\/users\/2"}],"replies":[{"embeddable":true,"href":"https:\/\/migracao.redenoticia.com.br\/noticia\/wp-json\/wp\/v2\/comments?post=195707"}],"version-history":[{"count":0,"href":"https:\/\/migracao.redenoticia.com.br\/noticia\/wp-json\/wp\/v2\/posts\/195707\/revisions"}],"wp:featuredmedia":[{"embeddable":true,"href":"https:\/\/migracao.redenoticia.com.br\/noticia\/wp-json\/wp\/v2\/media\/148665"}],"wp:attachment":[{"href":"https:\/\/migracao.redenoticia.com.br\/noticia\/wp-json\/wp\/v2\/media?parent=195707"}],"wp:term":[{"taxonomy":"category","embeddable":true,"href":"https:\/\/migracao.redenoticia.com.br\/noticia\/wp-json\/wp\/v2\/categories?post=195707"},{"taxonomy":"post_tag","embeddable":true,"href":"https:\/\/migracao.redenoticia.com.br\/noticia\/wp-json\/wp\/v2\/tags?post=195707"}],"curies":[{"name":"wp","href":"https:\/\/api.w.org\/{rel}","templated":true}]}}