{"id":195723,"date":"2020-07-19T23:25:58","date_gmt":"2020-07-20T02:25:58","guid":{"rendered":"https:\/\/www.redenoticia.com.br\/noticia\/?p=195723"},"modified":"2020-07-19T23:25:58","modified_gmt":"2020-07-20T02:25:58","slug":"resumo-novela-quando-me-apaixono-20-07-josefina-rouba-a-filha-de-regina","status":"publish","type":"post","link":"https:\/\/migracao.redenoticia.com.br\/noticia\/2020\/resumo-novela-quando-me-apaixono-20-07-josefina-rouba-a-filha-de-regina\/195723","title":{"rendered":"Resumo novela \u201cQuando me Apaixono \u201d 20\/07: Josefina rouba a filha de Regina"},"content":{"rendered":"<p> <em><strong><img loading=\"lazy\" decoding=\"async\" class=\"aligncenter size-full wp-image-195148\" src=\"https:\/\/migracao.redenoticia.com.br\/noticia\/imagens\/Resumo-Quando-me-Apaixono-capitulos-novela-sbt.jpg\" alt=\"\" width=\"1280\" height=\"720\" srcset=\"https:\/\/migracao.redenoticia.com.br\/noticia\/imagens\/Resumo-Quando-me-Apaixono-capitulos-novela-sbt.jpg 1280w, https:\/\/migracao.redenoticia.com.br\/noticia\/imagens\/Resumo-Quando-me-Apaixono-capitulos-novela-sbt-250x140.jpg 250w, https:\/\/migracao.redenoticia.com.br\/noticia\/imagens\/Resumo-Quando-me-Apaixono-capitulos-novela-sbt-400x225.jpg 400w, https:\/\/migracao.redenoticia.com.br\/noticia\/imagens\/Resumo-Quando-me-Apaixono-capitulos-novela-sbt-768x432.jpg 768w, https:\/\/migracao.redenoticia.com.br\/noticia\/imagens\/Resumo-Quando-me-Apaixono-capitulos-novela-sbt-150x85.jpg 150w, https:\/\/migracao.redenoticia.com.br\/noticia\/imagens\/Resumo-Quando-me-Apaixono-capitulos-novela-sbt-696x392.jpg 696w, https:\/\/migracao.redenoticia.com.br\/noticia\/imagens\/Resumo-Quando-me-Apaixono-capitulos-novela-sbt-1068x601.jpg 1068w\" sizes=\"auto, (max-width: 1280px) 100vw, 1280px\" \/><\/strong><\/em><\/p>\n<p>Resumo novela \u201cQuando me Apaixono \u201d 20\/07: no cap\u00edtulo 001(*) da novela, a hist\u00f3ria come\u00e7a quando os protagonistas se encontram em diferentes ocasi\u00f5es. Tempos depois, esse jovem se suicida. O tempo volta vinte e quatro anos e mostra quando duas mulheres d\u00e3o \u00e0 luz duas meninas no mesmo hospital e no mesmo dia. As duas meninas s\u00e3o filhas do mesmo pai. Roberto tem um casamento feliz com Regina, mas pouco antes de conhec\u00ea-la teve um relacionamento com Josefina, que acabou engravidando. <\/p>\n<p>O grande erro de Roberto foi n\u00e3o ter contado a verdade para Regina. Josefina pressiona Roberto para que se divorcie de Regina e assuma a paternidade de sua filha, Roberta. Ele se nega e faz uma proposta financeira para que ela se afaste de sua fam\u00edlia e se mude para outro pa\u00eds. Indignada, no anivers\u00e1rio de um ano das meninas, Josefina invade a festa que acontece na casa de Roberto e Regina. Durante uma discuss\u00e3o entre Roberto e Josefina, Regina descobre toda a verdade e vai embora de casa levando a pequena beb\u00ea. Logo depois, Roberto sofre um infarto e Josefina se aproveita de um descuido de Regina para roubar a filha dela.<\/p>\n<p>Pepa muda o nome de Regina para Renata e foge com as duas meninas, deixando Regina despeda\u00e7ada pela perda de sua filha.<\/p>\n<p>(*) edi\u00e7\u00e3o das novelas do SBT, \u201cQuando me Apaixono \u201d, sujeito a altera\u00e7\u00e3o de data e conte\u00fado.<\/p>\n<p>Sinopse \u201cQuando me Apaixono\u201d: A hist\u00f3ria come\u00e7a com o nascimento de duas meninas, Regina e Roberta; ambas s\u00e3o filhas de Roberto Gamba (Sebasti\u00e1n Rulli), mas de m\u00e3es diferentes. Enquanto Regina \u00e9 filha de Regina Sober\u00f3n Gamba (Lidia \u00c1vila\/Julieta Rosen), a esposa leg\u00edtima de Roberto, Roberta \u00e9 filha de Josefina &#8220;Pepa&#8221; \u00c1lvarez Mart\u00ednez (Margarita Maga\u00f1a\/Roc\u00edo Banquells), a amante de Roberto.<\/p>\n<p>Quando Roberto diz a Pepa que n\u00e3o vai deixar sua esposa e sua filha Regina, aquela, cheia de raiva depois de causar a morte de Roberto, decide raptar a filha de Regina para se vingar dela e faz\u00ea-la sofrer. Pepa muda o nome de Regina para Renata e foge com as duas meninas, deixando Regina despeda\u00e7ada pela perda de sua filha.<\/p>\n","protected":false},"excerpt":{"rendered":"<p>Resumo novela \u201cQuando me Apaixono \u201d 20\/07: no cap\u00edtulo 001(*) da novela, a hist\u00f3ria come\u00e7a quando os protagonistas se encontram em diferentes ocasi\u00f5es. Tempos depois, esse jovem se suicida. O tempo volta vinte e quatro anos e mostra quando duas mulheres d\u00e3o \u00e0 luz duas meninas no mesmo hospital e no mesmo dia. As duas [&hellip;]<\/p>\n","protected":false},"author":2,"featured_media":195147,"comment_status":"closed","ping_status":"closed","sticky":false,"template":"","format":"standard","meta":{"tdm_status":"","tdm_grid_status":"","footnotes":""},"categories":[379,2028,372,343],"tags":[441],"class_list":{"0":"post-195723","1":"post","2":"type-post","3":"status-publish","4":"format-standard","5":"has-post-thumbnail","7":"category-novelas","8":"category-quando-me-apaixono","9":"category-sbt","10":"category-televisao","11":"tag-resumo-do-dia"},"_links":{"self":[{"href":"https:\/\/migracao.redenoticia.com.br\/noticia\/wp-json\/wp\/v2\/posts\/195723","targetHints":{"allow":["GET"]}}],"collection":[{"href":"https:\/\/migracao.redenoticia.com.br\/noticia\/wp-json\/wp\/v2\/posts"}],"about":[{"href":"https:\/\/migracao.redenoticia.com.br\/noticia\/wp-json\/wp\/v2\/types\/post"}],"author":[{"embeddable":true,"href":"https:\/\/migracao.redenoticia.com.br\/noticia\/wp-json\/wp\/v2\/users\/2"}],"replies":[{"embeddable":true,"href":"https:\/\/migracao.redenoticia.com.br\/noticia\/wp-json\/wp\/v2\/comments?post=195723"}],"version-history":[{"count":0,"href":"https:\/\/migracao.redenoticia.com.br\/noticia\/wp-json\/wp\/v2\/posts\/195723\/revisions"}],"wp:featuredmedia":[{"embeddable":true,"href":"https:\/\/migracao.redenoticia.com.br\/noticia\/wp-json\/wp\/v2\/media\/195147"}],"wp:attachment":[{"href":"https:\/\/migracao.redenoticia.com.br\/noticia\/wp-json\/wp\/v2\/media?parent=195723"}],"wp:term":[{"taxonomy":"category","embeddable":true,"href":"https:\/\/migracao.redenoticia.com.br\/noticia\/wp-json\/wp\/v2\/categories?post=195723"},{"taxonomy":"post_tag","embeddable":true,"href":"https:\/\/migracao.redenoticia.com.br\/noticia\/wp-json\/wp\/v2\/tags?post=195723"}],"curies":[{"name":"wp","href":"https:\/\/api.w.org\/{rel}","templated":true}]}}