{"id":195734,"date":"2020-07-20T11:55:43","date_gmt":"2020-07-20T14:55:43","guid":{"rendered":"https:\/\/www.redenoticia.com.br\/noticia\/?p=195734"},"modified":"2020-07-20T11:55:43","modified_gmt":"2020-07-20T14:55:43","slug":"resumo-novela-betty-a-feia-em-nova-york-21-07-betty-enfrenta-ricardo-e-o-ameaca","status":"publish","type":"post","link":"https:\/\/migracao.redenoticia.com.br\/noticia\/2020\/resumo-novela-betty-a-feia-em-nova-york-21-07-betty-enfrenta-ricardo-e-o-ameaca\/195734","title":{"rendered":"Resumo novela \u201cBetty, a Feia em Nova York\u201d 21\/07: Betty enfrenta Ricardo e o amea\u00e7a"},"content":{"rendered":"<p><img loading=\"lazy\" decoding=\"async\" class=\"aligncenter size-full wp-image-187572\" src=\"https:\/\/migracao.redenoticia.com.br\/noticia\/imagens\/betty-feia-ny.jpg\" alt=\"\" width=\"1280\" height=\"720\" srcset=\"https:\/\/migracao.redenoticia.com.br\/noticia\/imagens\/betty-feia-ny.jpg 1280w, https:\/\/migracao.redenoticia.com.br\/noticia\/imagens\/betty-feia-ny-250x140.jpg 250w, https:\/\/migracao.redenoticia.com.br\/noticia\/imagens\/betty-feia-ny-400x225.jpg 400w, https:\/\/migracao.redenoticia.com.br\/noticia\/imagens\/betty-feia-ny-768x432.jpg 768w, https:\/\/migracao.redenoticia.com.br\/noticia\/imagens\/betty-feia-ny-150x85.jpg 150w, https:\/\/migracao.redenoticia.com.br\/noticia\/imagens\/betty-feia-ny-696x392.jpg 696w\" sizes=\"auto, (max-width: 1280px) 100vw, 1280px\" \/><\/p>\n<p><em><strong>Resumo novela \u201cBetty, a Feia em Nova York\u201d 21\/07<\/strong><\/em>: no cap\u00edtulo 128(*) da novela, ter\u00e7a-feira, 21 de julho, Armando n\u00e3o consegue conter o ci\u00fames quando Betty diz que Joaquim mudou completamente a sua vida. Para que Hugo saia da depress\u00e3o e comece a desenhar a pr\u00f3xima cole\u00e7\u00e3o, Betty amea\u00e7a colocar Joaquim em seu lugar. O pelot\u00e3o realiza uma terapia emocional onde cada uma delas fala de suas angustias. Patr\u00edcia usa a reuni\u00e3o para falar do \u00f3dio que sente de sua nova chefe. Betty enfrenta Ricardo, o critica por ter lido seu di\u00e1rio e amea\u00e7a lev\u00e1-lo at\u00e9 os Recursos Humanos se continuar lhe faltando com o respeito.<\/p>\n<p>(*) edi\u00e7\u00e3o das novelas do SBT, \u201cBetty, a Feia em Nova York\u201d, sujeito a altera\u00e7\u00e3o de data e conte\u00fado.<\/p>\n<p>Sinopse \u201cBetty, a Feia em Nova York\u201d: A historia gira entorno a Betty (Elyfer Torres), uma jovem mexicana inteligente e capaz que vive em Nova York na busca pelos sonhos superando os preju\u00edzos onde a imagem \u00e9 tudo. Depois de seis meses rejeitada e demitida de todos os trabalhos em raz\u00e3o da falta de atrativo f\u00edsico, Betty decide aceitar um trabalho muito abaixo de suas capacidades.Depois de ingressar na empresa V&amp;M Fashion, vira secret\u00e1ria pessoal do presidente da companhia.<\/p>\n<p>Apesar de ser ridicularizada e humilhada pela falta de estilo Betty est\u00e1 mais que disposta a n\u00e3o ser derrotada nesta implac\u00e1vel guerra de apar\u00eancias.Se no lado pessoal Betty \u00e9 exatamente competente e tem grandes planos para o crescimento pessoal, as suas poucas qualidades poder\u00e1 ajudar Betty a encontrar o verdadeiro amor.<\/p>\n","protected":false},"excerpt":{"rendered":"<p>Resumo novela \u201cBetty, a Feia em Nova York\u201d 21\/07: no cap\u00edtulo 128(*) da novela, ter\u00e7a-feira, 21 de julho, Armando n\u00e3o consegue conter o ci\u00fames quando Betty diz que Joaquim mudou completamente a sua vida. Para que Hugo saia da depress\u00e3o e comece a desenhar a pr\u00f3xima cole\u00e7\u00e3o, Betty amea\u00e7a colocar Joaquim em seu lugar. O [&hellip;]<\/p>\n","protected":false},"author":4,"featured_media":187571,"comment_status":"closed","ping_status":"closed","sticky":false,"template":"","format":"standard","meta":{"tdm_status":"","tdm_grid_status":"","footnotes":""},"categories":[379,372,343],"tags":[441],"class_list":{"0":"post-195734","1":"post","2":"type-post","3":"status-publish","4":"format-standard","5":"has-post-thumbnail","7":"category-novelas","8":"category-sbt","9":"category-televisao","10":"tag-resumo-do-dia"},"_links":{"self":[{"href":"https:\/\/migracao.redenoticia.com.br\/noticia\/wp-json\/wp\/v2\/posts\/195734","targetHints":{"allow":["GET"]}}],"collection":[{"href":"https:\/\/migracao.redenoticia.com.br\/noticia\/wp-json\/wp\/v2\/posts"}],"about":[{"href":"https:\/\/migracao.redenoticia.com.br\/noticia\/wp-json\/wp\/v2\/types\/post"}],"author":[{"embeddable":true,"href":"https:\/\/migracao.redenoticia.com.br\/noticia\/wp-json\/wp\/v2\/users\/4"}],"replies":[{"embeddable":true,"href":"https:\/\/migracao.redenoticia.com.br\/noticia\/wp-json\/wp\/v2\/comments?post=195734"}],"version-history":[{"count":0,"href":"https:\/\/migracao.redenoticia.com.br\/noticia\/wp-json\/wp\/v2\/posts\/195734\/revisions"}],"wp:featuredmedia":[{"embeddable":true,"href":"https:\/\/migracao.redenoticia.com.br\/noticia\/wp-json\/wp\/v2\/media\/187571"}],"wp:attachment":[{"href":"https:\/\/migracao.redenoticia.com.br\/noticia\/wp-json\/wp\/v2\/media?parent=195734"}],"wp:term":[{"taxonomy":"category","embeddable":true,"href":"https:\/\/migracao.redenoticia.com.br\/noticia\/wp-json\/wp\/v2\/categories?post=195734"},{"taxonomy":"post_tag","embeddable":true,"href":"https:\/\/migracao.redenoticia.com.br\/noticia\/wp-json\/wp\/v2\/tags?post=195734"}],"curies":[{"name":"wp","href":"https:\/\/api.w.org\/{rel}","templated":true}]}}