{"id":195738,"date":"2020-07-20T11:59:36","date_gmt":"2020-07-20T14:59:36","guid":{"rendered":"https:\/\/www.redenoticia.com.br\/noticia\/?p=195738"},"modified":"2020-07-20T11:59:36","modified_gmt":"2020-07-20T14:59:36","slug":"resumo-novela-chiquititas-21-07-pata-e-rafa-sao-surpreendidos-por-carol-e-ernestina","status":"publish","type":"post","link":"https:\/\/migracao.redenoticia.com.br\/noticia\/2020\/resumo-novela-chiquititas-21-07-pata-e-rafa-sao-surpreendidos-por-carol-e-ernestina\/195738","title":{"rendered":"Resumo novela \u201cChiquititas\u201d 21\/07: Pata e Rafa s\u00e3o surpreendidos por Carol e Ernestina"},"content":{"rendered":"<p><img loading=\"lazy\" decoding=\"async\" class=\"aligncenter size-full wp-image-148666\" src=\"https:\/\/migracao.redenoticia.com.br\/noticia\/imagens\/chiquititas-1.jpg\" alt=\"\" width=\"600\" height=\"450\" srcset=\"https:\/\/migracao.redenoticia.com.br\/noticia\/imagens\/chiquititas-1.jpg 600w, https:\/\/migracao.redenoticia.com.br\/noticia\/imagens\/chiquititas-1-250x187.jpg 250w, https:\/\/migracao.redenoticia.com.br\/noticia\/imagens\/chiquititas-1-400x300.jpg 400w, https:\/\/migracao.redenoticia.com.br\/noticia\/imagens\/chiquititas-1-150x113.jpg 150w, https:\/\/migracao.redenoticia.com.br\/noticia\/imagens\/chiquititas-1-265x198.jpg 265w\" sizes=\"auto, (max-width: 600px) 100vw, 600px\" \/><\/p>\n<p><strong><em>Resumo da novela \u201cChiquititas\u201d<\/em><\/strong> em 21\/07: no cap\u00edtulo 016(*) da novela, ter\u00e7a-feira, 21 de julho, ao chegar \u00e0 sala, Cris conta o que aconteceu no p\u00e1tio. Carol faz um curativo no dedo de Cris. Mili diz para elas fazerem as pr\u00f3prias armas e assim se defenderem dos vampiros. Todas aceitam. No por\u00e3o, Rafa precisa ir ao banheiro e confessa aos amigos que n\u00e3o consegue mais aguentar. Mosca e Binho tentam acalmar o amigo, mas n\u00e3o conseguem. Os meninos continuam tentando abrir a porta do lugar, mas \u00e9 em v\u00e3o. Junior conversa com Jos\u00e9 Ricardo e questiona o motivo dos meninos n\u00e3o serem aceitos no orfanato. Carmen diz que todos os assuntos do orfanato devem ser tratados com ela.<\/p>\n<p>Natacha e Vlade escolhem Tati, mas a garota diz que n\u00e3o ir\u00e1 sem a irm\u00e3. As pequeninas os levam para a cozinha e o casal pede a Chico para os deixarem a s\u00f3s com as meninas. Vlade pergunta as garotas sobre Carol, mas Natacha se irrita e muda de assunto. A mulher pede para Tati ficar mais pr\u00f3xima deles. Tati tira do bolso uma corrente com cruz para assustar o Conde e a Condessa. No quarto, as meninas preparam o lugar para se protegerem dos vampiros. Os meninos contam que est\u00e3o presos e que Rafa precisa usar o banheiro urgente. A menina promete tentar ajudar a levar o amigo no banheiro.<\/p>\n<p>Ernestina questiona o os dois se eles j\u00e1 se decidiram sobre qual garota escolher. Os dois avisam que ainda n\u00e3o conversam com todas as meninas e a zeladora sobe para chamar as pequeninas. Pata espera Rafa no banheiro. Cuidadosamente, Pata tentar levar o amigo de volta para o por\u00e3o, mas s\u00e3o surpreendidos por Carol, Ernestina e todas as chiquititas. A zeladora questiona quem \u00e9 o garoto e Mili diz que \u00e9 o ca\u00e7ador de vampiros que chamou. Carol leva Rafa para o esconderijo e pede para que ele e os garotos tomem cuidado.<\/p>\n<p>Carol pede a ajuda de Pata e Mili para colocarem o lixo para fora, mas na verdade a ajudante precisa de ajuda para tirar a ca\u00e7amba de entulhos da entrada do por\u00e3o. As garotas e Carolina n\u00e3o conseguem. Inquietos, Mosca, Rafa e Binho n\u00e3o aguentam mais ficar dentro do esconderijo. Junior chega ao orfanato e v\u00ea Carol, Pata e Mili tentando empurrar a ca\u00e7amba. O rapaz oferece ajuda, mas Carol n\u00e3o aceita. Mili e Pata dizem que elas n\u00e3o ir\u00e3o conseguir sozinhas. Pata agradece a ajuda de Junior. Mili e o rapaz tentam sair, quando Ernestina questiona aonde os dois v\u00e3o sem autoriza\u00e7\u00e3o. O rapaz diz que ir\u00e1 levar a garota para passear e a zeladora autoriza.<\/p>\n<p>(*) edi\u00e7\u00e3o das novelas do SBT, \u201cChiquititas\u201d, sujeito a altera\u00e7\u00e3o de data e conte\u00fado.<\/p>\n","protected":false},"excerpt":{"rendered":"<p>Resumo da novela \u201cChiquititas\u201d em 21\/07: no cap\u00edtulo 016(*) da novela, ter\u00e7a-feira, 21 de julho, ao chegar \u00e0 sala, Cris conta o que aconteceu no p\u00e1tio. Carol faz um curativo no dedo de Cris. Mili diz para elas fazerem as pr\u00f3prias armas e assim se defenderem dos vampiros. Todas aceitam. No por\u00e3o, Rafa precisa ir [&hellip;]<\/p>\n","protected":false},"author":4,"featured_media":49690,"comment_status":"closed","ping_status":"closed","sticky":false,"template":"","format":"standard","meta":{"tdm_status":"","tdm_grid_status":"","footnotes":""},"categories":[409,379,372,343],"tags":[441],"class_list":{"0":"post-195738","1":"post","2":"type-post","3":"status-publish","4":"format-standard","5":"has-post-thumbnail","7":"category-chiquititas","8":"category-novelas","9":"category-sbt","10":"category-televisao","11":"tag-resumo-do-dia"},"_links":{"self":[{"href":"https:\/\/migracao.redenoticia.com.br\/noticia\/wp-json\/wp\/v2\/posts\/195738","targetHints":{"allow":["GET"]}}],"collection":[{"href":"https:\/\/migracao.redenoticia.com.br\/noticia\/wp-json\/wp\/v2\/posts"}],"about":[{"href":"https:\/\/migracao.redenoticia.com.br\/noticia\/wp-json\/wp\/v2\/types\/post"}],"author":[{"embeddable":true,"href":"https:\/\/migracao.redenoticia.com.br\/noticia\/wp-json\/wp\/v2\/users\/4"}],"replies":[{"embeddable":true,"href":"https:\/\/migracao.redenoticia.com.br\/noticia\/wp-json\/wp\/v2\/comments?post=195738"}],"version-history":[{"count":0,"href":"https:\/\/migracao.redenoticia.com.br\/noticia\/wp-json\/wp\/v2\/posts\/195738\/revisions"}],"wp:featuredmedia":[{"embeddable":true,"href":"https:\/\/migracao.redenoticia.com.br\/noticia\/wp-json\/wp\/v2\/media\/49690"}],"wp:attachment":[{"href":"https:\/\/migracao.redenoticia.com.br\/noticia\/wp-json\/wp\/v2\/media?parent=195738"}],"wp:term":[{"taxonomy":"category","embeddable":true,"href":"https:\/\/migracao.redenoticia.com.br\/noticia\/wp-json\/wp\/v2\/categories?post=195738"},{"taxonomy":"post_tag","embeddable":true,"href":"https:\/\/migracao.redenoticia.com.br\/noticia\/wp-json\/wp\/v2\/tags?post=195738"}],"curies":[{"name":"wp","href":"https:\/\/api.w.org\/{rel}","templated":true}]}}