{"id":195813,"date":"2020-07-22T12:41:23","date_gmt":"2020-07-22T15:41:23","guid":{"rendered":"https:\/\/www.redenoticia.com.br\/noticia\/?p=195813"},"modified":"2020-07-22T12:41:23","modified_gmt":"2020-07-22T15:41:23","slug":"resumo-novela-betty-a-feia-em-nova-york-23-07-marcela-procura-joaquim-e-propoe-acordo","status":"publish","type":"post","link":"https:\/\/migracao.redenoticia.com.br\/noticia\/2020\/resumo-novela-betty-a-feia-em-nova-york-23-07-marcela-procura-joaquim-e-propoe-acordo\/195813","title":{"rendered":"Resumo novela \u201cBetty, a Feia em Nova York\u201d 23\/07: Marcela procura Joaquim e prop\u00f5e acordo"},"content":{"rendered":"<p><img loading=\"lazy\" decoding=\"async\" class=\"aligncenter size-full wp-image-187572\" src=\"https:\/\/migracao.redenoticia.com.br\/noticia\/imagens\/betty-feia-ny.jpg\" alt=\"\" width=\"1280\" height=\"720\" srcset=\"https:\/\/migracao.redenoticia.com.br\/noticia\/imagens\/betty-feia-ny.jpg 1280w, https:\/\/migracao.redenoticia.com.br\/noticia\/imagens\/betty-feia-ny-250x140.jpg 250w, https:\/\/migracao.redenoticia.com.br\/noticia\/imagens\/betty-feia-ny-400x225.jpg 400w, https:\/\/migracao.redenoticia.com.br\/noticia\/imagens\/betty-feia-ny-768x432.jpg 768w, https:\/\/migracao.redenoticia.com.br\/noticia\/imagens\/betty-feia-ny-150x85.jpg 150w, https:\/\/migracao.redenoticia.com.br\/noticia\/imagens\/betty-feia-ny-696x392.jpg 696w\" sizes=\"auto, (max-width: 1280px) 100vw, 1280px\" \/><\/p>\n<p><em><strong>Resumo novela \u201cBetty, a Feia em Nova York\u201d 23\/07<\/strong><\/em>: no cap\u00edtulo 130(*) da novela, quinta-feira, 23 de julho, Joaquim responde que n\u00e3o tem por que trabalhar na V&#038;M se \u00e9 dono de sua pr\u00f3pria marca. Mal\u00fa encontra a m\u00e3e de Ricardo, que fugiu do hospital, e a leva para a V&#038;M. Charlie discute com Efrain e o agride. Marcela procura Joaquim e prop\u00f5e a ele um acordo para manter Betty e Armando afastados um do outro. O filho de Aura Maria leva uma aranha para a V&#038;M. Lolita, nome da aranha de estima\u00e7\u00e3o, escapa da caixa e vai para nas costas de Smith e Patr\u00edcia.<\/p>\n<p>(*) edi\u00e7\u00e3o das novelas do SBT, \u201cBetty, a Feia em Nova York\u201d, sujeito a altera\u00e7\u00e3o de data e conte\u00fado.<\/p>\n<p>Sinopse \u201cBetty, a Feia em Nova York\u201d: A historia gira entorno a Betty (Elyfer Torres), uma jovem mexicana inteligente e capaz que vive em Nova York na busca pelos sonhos superando os preju\u00edzos onde a imagem \u00e9 tudo. Depois de seis meses rejeitada e demitida de todos os trabalhos em raz\u00e3o da falta de atrativo f\u00edsico, Betty decide aceitar um trabalho muito abaixo de suas capacidades.Depois de ingressar na empresa V&amp;M Fashion, vira secret\u00e1ria pessoal do presidente da companhia.<\/p>\n<p>Apesar de ser ridicularizada e humilhada pela falta de estilo Betty est\u00e1 mais que disposta a n\u00e3o ser derrotada nesta implac\u00e1vel guerra de apar\u00eancias.Se no lado pessoal Betty \u00e9 exatamente competente e tem grandes planos para o crescimento pessoal, as suas poucas qualidades poder\u00e1 ajudar Betty a encontrar o verdadeiro amor.<\/p>\n","protected":false},"excerpt":{"rendered":"<p>Resumo novela \u201cBetty, a Feia em Nova York\u201d 23\/07: no cap\u00edtulo 130(*) da novela, quinta-feira, 23 de julho, Joaquim responde que n\u00e3o tem por que trabalhar na V&#038;M se \u00e9 dono de sua pr\u00f3pria marca. Mal\u00fa encontra a m\u00e3e de Ricardo, que fugiu do hospital, e a leva para a V&#038;M. Charlie discute com Efrain [&hellip;]<\/p>\n","protected":false},"author":4,"featured_media":187571,"comment_status":"closed","ping_status":"closed","sticky":false,"template":"","format":"standard","meta":{"tdm_status":"","tdm_grid_status":"","footnotes":""},"categories":[379,372,343],"tags":[441],"class_list":{"0":"post-195813","1":"post","2":"type-post","3":"status-publish","4":"format-standard","5":"has-post-thumbnail","7":"category-novelas","8":"category-sbt","9":"category-televisao","10":"tag-resumo-do-dia"},"_links":{"self":[{"href":"https:\/\/migracao.redenoticia.com.br\/noticia\/wp-json\/wp\/v2\/posts\/195813","targetHints":{"allow":["GET"]}}],"collection":[{"href":"https:\/\/migracao.redenoticia.com.br\/noticia\/wp-json\/wp\/v2\/posts"}],"about":[{"href":"https:\/\/migracao.redenoticia.com.br\/noticia\/wp-json\/wp\/v2\/types\/post"}],"author":[{"embeddable":true,"href":"https:\/\/migracao.redenoticia.com.br\/noticia\/wp-json\/wp\/v2\/users\/4"}],"replies":[{"embeddable":true,"href":"https:\/\/migracao.redenoticia.com.br\/noticia\/wp-json\/wp\/v2\/comments?post=195813"}],"version-history":[{"count":0,"href":"https:\/\/migracao.redenoticia.com.br\/noticia\/wp-json\/wp\/v2\/posts\/195813\/revisions"}],"wp:featuredmedia":[{"embeddable":true,"href":"https:\/\/migracao.redenoticia.com.br\/noticia\/wp-json\/wp\/v2\/media\/187571"}],"wp:attachment":[{"href":"https:\/\/migracao.redenoticia.com.br\/noticia\/wp-json\/wp\/v2\/media?parent=195813"}],"wp:term":[{"taxonomy":"category","embeddable":true,"href":"https:\/\/migracao.redenoticia.com.br\/noticia\/wp-json\/wp\/v2\/categories?post=195813"},{"taxonomy":"post_tag","embeddable":true,"href":"https:\/\/migracao.redenoticia.com.br\/noticia\/wp-json\/wp\/v2\/tags?post=195813"}],"curies":[{"name":"wp","href":"https:\/\/api.w.org\/{rel}","templated":true}]}}