{"id":195825,"date":"2020-07-22T12:47:56","date_gmt":"2020-07-22T15:47:56","guid":{"rendered":"https:\/\/www.redenoticia.com.br\/noticia\/?p=195825"},"modified":"2020-07-22T12:47:56","modified_gmt":"2020-07-22T15:47:56","slug":"resumo-novela-malhacao-23-07-keyla-passeia-com-deco-e-tonico","status":"publish","type":"post","link":"https:\/\/migracao.redenoticia.com.br\/noticia\/2020\/resumo-novela-malhacao-23-07-keyla-passeia-com-deco-e-tonico\/195825","title":{"rendered":"Resumo novela \u201cMalha\u00e7\u00e3o\u201d 23\/07: Keyla passeia com Deco e Tonico"},"content":{"rendered":"<p><img loading=\"lazy\" decoding=\"async\" class=\"aligncenter size-full wp-image-190255\" src=\"https:\/\/migracao.redenoticia.com.br\/noticia\/imagens\/malhacao-viva-diferenca-reprise.jpg\" alt=\"\" width=\"525\" height=\"525\" srcset=\"https:\/\/migracao.redenoticia.com.br\/noticia\/imagens\/malhacao-viva-diferenca-reprise.jpg 525w, https:\/\/migracao.redenoticia.com.br\/noticia\/imagens\/malhacao-viva-diferenca-reprise-187x187.jpg 187w, https:\/\/migracao.redenoticia.com.br\/noticia\/imagens\/malhacao-viva-diferenca-reprise-300x300.jpg 300w, https:\/\/migracao.redenoticia.com.br\/noticia\/imagens\/malhacao-viva-diferenca-reprise-150x150.jpg 150w, https:\/\/migracao.redenoticia.com.br\/noticia\/imagens\/malhacao-viva-diferenca-reprise-140x140.jpg 140w, https:\/\/migracao.redenoticia.com.br\/noticia\/imagens\/malhacao-viva-diferenca-reprise-85x85.jpg 85w\" sizes=\"auto, (max-width: 525px) 100vw, 525px\" \/><\/p>\n<p><em><strong>Resumo novela \u201cMalha\u00e7\u00e3o\u201d Viva a Diferen\u00e7a 23\/07<\/strong><\/em>: no cap\u00edtulo 078(*) da novela, quinta-feira, 23 de julho, Anderson conclui que Mitsuko instigou Nena contra seu namoro com Tina. Tato afirma a K2 que gosta dela como amiga. Samantha e MB insinuam para Felipe que Clara est\u00e1 interessada em Guto. Ellen n\u00e3o consegue contar para Tato sobre a volta de Deco. Keyla passeia com Deco e Tonico. Josefina acredita que Ben\u00ea esteja gostando de um rapaz. Marta, Leide e Lica especulam sobre a rela\u00e7\u00e3o de Lu\u00eds e Clara. Ellen estranha a ansiedade de Lica com o jantar para B\u00f3ris e D\u00f3ris. Tina confronta Mitsuko. Roney descobre que saiu o resultado do exame de DNA de Tonico.<br \/>\n.<br \/>\n(*) edi\u00e7\u00e3o das novelas da Globo, \u201cMalha\u00e7\u00e3o\u201d Viva a Diferen\u00e7a, sujeito a altera\u00e7\u00e3o de data e conte\u00fado.<\/p>\n<p>\u201cMalha\u00e7\u00e3o\u201d Viva a Diferen\u00e7a &#8211; No vibrante e ca\u00f3tico universo de S\u00e3o Paulo, Keyla (Gabriela Medvedovski), Ben\u00ea (Daphne Bozaski), Tina (Ana Hikari), Lica (Manoela Aliperti) e Ellen (Heslaine Vieira), cinco adolescentes que n\u00e3o se conheciam, se veem presas sozinhas no mesmo vag\u00e3o de metr\u00f4 por obra do acaso durante uma pane em um dia chuvoso. Como se n\u00e3o bastasse a tens\u00e3o natural da situa\u00e7\u00e3o, Keyla entra em trabalho de parto e elas se unem em solidariedade para ajud\u00e1-la no nascimento do beb\u00ea mesmo sem recursos dispon\u00edveis no local, criando um v\u00ednculo de amizade entre cinco garotas com backgrounds e personalidades completamente diferentes.<\/p>\n","protected":false},"excerpt":{"rendered":"<p>Resumo novela \u201cMalha\u00e7\u00e3o\u201d Viva a Diferen\u00e7a 23\/07: no cap\u00edtulo 078(*) da novela, quinta-feira, 23 de julho, Anderson conclui que Mitsuko instigou Nena contra seu namoro com Tina. Tato afirma a K2 que gosta dela como amiga. Samantha e MB insinuam para Felipe que Clara est\u00e1 interessada em Guto. Ellen n\u00e3o consegue contar para Tato sobre [&hellip;]<\/p>\n","protected":false},"author":4,"featured_media":195127,"comment_status":"closed","ping_status":"closed","sticky":false,"template":"","format":"standard","meta":{"tdm_status":"","tdm_grid_status":"","footnotes":""},"categories":[447,379,375,343],"tags":[441],"class_list":{"0":"post-195825","1":"post","2":"type-post","3":"status-publish","4":"format-standard","5":"has-post-thumbnail","7":"category-malhacao","8":"category-novelas","9":"category-rede-globo","10":"category-televisao","11":"tag-resumo-do-dia"},"_links":{"self":[{"href":"https:\/\/migracao.redenoticia.com.br\/noticia\/wp-json\/wp\/v2\/posts\/195825","targetHints":{"allow":["GET"]}}],"collection":[{"href":"https:\/\/migracao.redenoticia.com.br\/noticia\/wp-json\/wp\/v2\/posts"}],"about":[{"href":"https:\/\/migracao.redenoticia.com.br\/noticia\/wp-json\/wp\/v2\/types\/post"}],"author":[{"embeddable":true,"href":"https:\/\/migracao.redenoticia.com.br\/noticia\/wp-json\/wp\/v2\/users\/4"}],"replies":[{"embeddable":true,"href":"https:\/\/migracao.redenoticia.com.br\/noticia\/wp-json\/wp\/v2\/comments?post=195825"}],"version-history":[{"count":0,"href":"https:\/\/migracao.redenoticia.com.br\/noticia\/wp-json\/wp\/v2\/posts\/195825\/revisions"}],"wp:featuredmedia":[{"embeddable":true,"href":"https:\/\/migracao.redenoticia.com.br\/noticia\/wp-json\/wp\/v2\/media\/195127"}],"wp:attachment":[{"href":"https:\/\/migracao.redenoticia.com.br\/noticia\/wp-json\/wp\/v2\/media?parent=195825"}],"wp:term":[{"taxonomy":"category","embeddable":true,"href":"https:\/\/migracao.redenoticia.com.br\/noticia\/wp-json\/wp\/v2\/categories?post=195825"},{"taxonomy":"post_tag","embeddable":true,"href":"https:\/\/migracao.redenoticia.com.br\/noticia\/wp-json\/wp\/v2\/tags?post=195825"}],"curies":[{"name":"wp","href":"https:\/\/api.w.org\/{rel}","templated":true}]}}