{"id":195849,"date":"2020-07-23T18:27:43","date_gmt":"2020-07-23T21:27:43","guid":{"rendered":"https:\/\/www.redenoticia.com.br\/noticia\/?p=195849"},"modified":"2020-07-23T18:31:24","modified_gmt":"2020-07-23T21:31:24","slug":"resumo-novela-novo-mundo-24-07-thomas-e-fred-se-encontram-no-presidio","status":"publish","type":"post","link":"https:\/\/migracao.redenoticia.com.br\/noticia\/2020\/resumo-novela-novo-mundo-24-07-thomas-e-fred-se-encontram-no-presidio\/195849","title":{"rendered":"Resumo novela \u201cNovo Mundo\u201d 24\/07: Thomas e Fred se encontram no pres\u00eddio"},"content":{"rendered":"<p> <img loading=\"lazy\" decoding=\"async\" class=\"aligncenter size-full wp-image-190256\" src=\"https:\/\/migracao.redenoticia.com.br\/noticia\/imagens\/novo-mundo-reprise-globo.jpg\" alt=\"\" width=\"600\" height=\"600\" srcset=\"https:\/\/migracao.redenoticia.com.br\/noticia\/imagens\/novo-mundo-reprise-globo.jpg 600w, https:\/\/migracao.redenoticia.com.br\/noticia\/imagens\/novo-mundo-reprise-globo-187x187.jpg 187w, https:\/\/migracao.redenoticia.com.br\/noticia\/imagens\/novo-mundo-reprise-globo-300x300.jpg 300w, https:\/\/migracao.redenoticia.com.br\/noticia\/imagens\/novo-mundo-reprise-globo-150x150.jpg 150w, https:\/\/migracao.redenoticia.com.br\/noticia\/imagens\/novo-mundo-reprise-globo-140x140.jpg 140w, https:\/\/migracao.redenoticia.com.br\/noticia\/imagens\/novo-mundo-reprise-globo-85x85.jpg 85w\" sizes=\"auto, (max-width: 600px) 100vw, 600px\" \/><\/p>\n<p><em><strong>Resumo novela \u201cNovo Mundo\u201d 24\/07<\/strong><\/em>: no cap\u00edtulo 100(*) da novela, sexta-feira, 24 de julho, Anna implora que o ministro n\u00e3o deixe Vit\u00f3ria com Thomas. Idalina alerta Diara sobre Greta. Hugo convence os poss\u00edveis patrocinadores da candidatura de Licurgo a voltarem para comer a sua comida. Elvira faz um acordo com Liu. Anna volta para o pal\u00e1cio. Domitila acredita estar gr\u00e1vida de Dom Pedro. Diara decide fazer as pazes com Greta para agradar o marido.<\/p>\n<p>Schultz se preocupa quando Greta fala sobre a sa\u00fade de Wolfgang. Piat\u00e3 cuida de Jacira com a ajuda de Olinto. Ubirajara briga com Jurema por causa de Jacira. Leopoldina e Bonif\u00e1cio trocam elogios. Greta beija Ferdinando. Anna afirma a Joaquim que precisa mandar Thomas para a cadeia. Thomas e Fred se encontram no pres\u00eddio.<\/p>\n<p>(*) edi\u00e7\u00e3o das novelas da Globo, \u201cNovo Mundo\u201d, sujeito a altera\u00e7\u00e3o de data e conte\u00fado.<\/p>\n<p>Sinopse \u201cNovo Mundo\u201d: Em 1817 Anna Millman (Isabelle Drummond) \u00e9 uma inglesa que \u00e9 professora de portugu\u00eas que se envolve com o ator luso-brasileiro Joaquim Martinho (Chay Suede). Os dois se conhecem na Europa, mas v\u00eam ao pa\u00eds por causa da uni\u00e3o da futura imperatriz do Brasil com Dom Pedro (Caio Castro). Seus destinos se cruzam ao se encontrarem a bordo do navio que traz a princesa Maria Leopoldina de \u00c1ustria (Let\u00edcia Colin) para o Brasil, j\u00e1 que havia se casado com Dom Pedro por meio de uma procura\u00e7\u00e3o. Os dois iniciam um romance durante a viagem ao Novo Mundo.<\/p>\n","protected":false},"excerpt":{"rendered":"<p>Resumo novela \u201cNovo Mundo\u201d 24\/07: no cap\u00edtulo 100(*) da novela, sexta-feira, 24 de julho, Anna implora que o ministro n\u00e3o deixe Vit\u00f3ria com Thomas. Idalina alerta Diara sobre Greta. Hugo convence os poss\u00edveis patrocinadores da candidatura de Licurgo a voltarem para comer a sua comida. Elvira faz um acordo com Liu. Anna volta para o [&hellip;]<\/p>\n","protected":false},"author":2,"featured_media":195130,"comment_status":"closed","ping_status":"closed","sticky":false,"template":"","format":"standard","meta":{"tdm_status":"","tdm_grid_status":"","footnotes":""},"categories":[379,557,375,343],"tags":[441],"class_list":{"0":"post-195849","1":"post","2":"type-post","3":"status-publish","4":"format-standard","5":"has-post-thumbnail","7":"category-novelas","8":"category-novo-mundo","9":"category-rede-globo","10":"category-televisao","11":"tag-resumo-do-dia"},"_links":{"self":[{"href":"https:\/\/migracao.redenoticia.com.br\/noticia\/wp-json\/wp\/v2\/posts\/195849","targetHints":{"allow":["GET"]}}],"collection":[{"href":"https:\/\/migracao.redenoticia.com.br\/noticia\/wp-json\/wp\/v2\/posts"}],"about":[{"href":"https:\/\/migracao.redenoticia.com.br\/noticia\/wp-json\/wp\/v2\/types\/post"}],"author":[{"embeddable":true,"href":"https:\/\/migracao.redenoticia.com.br\/noticia\/wp-json\/wp\/v2\/users\/2"}],"replies":[{"embeddable":true,"href":"https:\/\/migracao.redenoticia.com.br\/noticia\/wp-json\/wp\/v2\/comments?post=195849"}],"version-history":[{"count":0,"href":"https:\/\/migracao.redenoticia.com.br\/noticia\/wp-json\/wp\/v2\/posts\/195849\/revisions"}],"wp:featuredmedia":[{"embeddable":true,"href":"https:\/\/migracao.redenoticia.com.br\/noticia\/wp-json\/wp\/v2\/media\/195130"}],"wp:attachment":[{"href":"https:\/\/migracao.redenoticia.com.br\/noticia\/wp-json\/wp\/v2\/media?parent=195849"}],"wp:term":[{"taxonomy":"category","embeddable":true,"href":"https:\/\/migracao.redenoticia.com.br\/noticia\/wp-json\/wp\/v2\/categories?post=195849"},{"taxonomy":"post_tag","embeddable":true,"href":"https:\/\/migracao.redenoticia.com.br\/noticia\/wp-json\/wp\/v2\/tags?post=195849"}],"curies":[{"name":"wp","href":"https:\/\/api.w.org\/{rel}","templated":true}]}}