{"id":196012,"date":"2020-08-01T15:18:27","date_gmt":"2020-08-01T18:18:27","guid":{"rendered":"https:\/\/www.redenoticia.com.br\/noticia\/?p=196012"},"modified":"2020-08-13T09:26:17","modified_gmt":"2020-08-13T12:26:17","slug":"novo-mundo-amalia-desmascara-hugo-e-sebastiao","status":"publish","type":"post","link":"https:\/\/migracao.redenoticia.com.br\/noticia\/2020\/novo-mundo-amalia-desmascara-hugo-e-sebastiao\/196012","title":{"rendered":"&#8220;Novo Mundo&#8221;: Am\u00e1lia desmascara Hugo e Sebasti\u00e3o"},"content":{"rendered":"<p><img loading=\"lazy\" decoding=\"async\" src=\"https:\/\/migracao.redenoticia.com.br\/noticia\/imagens\/resumo-novo-mundo-resumo-novela-das-seis-novela-da-globo-1.jpg\" alt=\"\" width=\"1280\" height=\"720\" class=\"aligncenter size-full wp-image-195131\" srcset=\"https:\/\/migracao.redenoticia.com.br\/noticia\/imagens\/resumo-novo-mundo-resumo-novela-das-seis-novela-da-globo-1.jpg 1280w, https:\/\/migracao.redenoticia.com.br\/noticia\/imagens\/resumo-novo-mundo-resumo-novela-das-seis-novela-da-globo-1-250x140.jpg 250w, https:\/\/migracao.redenoticia.com.br\/noticia\/imagens\/resumo-novo-mundo-resumo-novela-das-seis-novela-da-globo-1-400x225.jpg 400w, https:\/\/migracao.redenoticia.com.br\/noticia\/imagens\/resumo-novo-mundo-resumo-novela-das-seis-novela-da-globo-1-768x432.jpg 768w, https:\/\/migracao.redenoticia.com.br\/noticia\/imagens\/resumo-novo-mundo-resumo-novela-das-seis-novela-da-globo-1-150x85.jpg 150w, https:\/\/migracao.redenoticia.com.br\/noticia\/imagens\/resumo-novo-mundo-resumo-novela-das-seis-novela-da-globo-1-696x392.jpg 696w, https:\/\/migracao.redenoticia.com.br\/noticia\/imagens\/resumo-novo-mundo-resumo-novela-das-seis-novela-da-globo-1-1068x601.jpg 1068w\" sizes=\"auto, (max-width: 1280px) 100vw, 1280px\" \/><\/p>\n<p>Na reprise da novela da Globo <strong><em>Novo Mundo<\/em><\/strong>, Leopoldina (Let\u00edcia Colin) e Dom Pedro (Caio Castro) se reunem com Anna (Isabelle Drummond), Joaquim (Chay Suede) e Bonif\u00e1cio (Felipe Camargo), quando Sebasti\u00e3o (Roberto Cordovanni) os surpreende: &#8220;Altezas, senhores. Gostaria de aproveitar esta ocasi\u00e3o, para comunicar algo da maior import\u00e2ncia para o futuro do Brasil &#8230; sou das poucas pessoas que sabem que Dom Jo\u00e3o teve um filho homem, bastardo, antes do seu nascimento&#8221;. Ele apresenta Hugo (C\u00e9sar Cardadeiro) como o irm\u00e3o bastardo. <\/p>\n<p>Hugo mostra anel como prova: &#8220;Eu cresci sabendo quem era. Filho de Dom Jo\u00e3o. Mas que diferen\u00e7a isso fazia? Eu era s\u00f3 mais um bastardo, criado em um orfanato&#8230; Fui criado num convento no Esp\u00edrito Santo. O frei que me criou queria que eu soubesse de tudo, falou de Dom Jo\u00e3o, de como fui entregue ainda beb\u00ea por um casal&#8230;&#8221;. <\/p>\n<p> Joaquim vai at\u00e9 a casa de Peter (Caco Ciocler) e conta que filho de Am\u00e1lia (Vanessa Gerbelli) talvez tenha sido encontrado. Ela vai at\u00e9 o encontro de Dom Pedro para reconhecer seu beb\u00ea. &#8220;Calma, Am\u00e1lia, est\u00e1 tudo bem!&#8221;, conforta o m\u00e9dico. &#8220;Dona Am\u00e1lia, muito prazer em conhec\u00ea-la. Parece que sou o \u00fanico que ainda n\u00e3o havia tido esse privil\u00e9gio&#8221;, diz Pedro. Sebasti\u00e3o se aproxima e pergunta se ela est\u00e1 pronta para conhecer o filho. &#8220;S\u00f3 fui atr\u00e1s dele gra\u00e7as a vossa persist\u00eancia&#8221;, diz o comerciante. &#8220;Onde ele est\u00e1? Onde est\u00e1 meu filho?&#8221;, pergunta Am\u00e1lia. Hugo surge diante dela e a portuguesa se surpreende: &#8220;Tu n\u00e3o \u00e9s o rapaz da taberna?!&#8221;<\/p>\n<p>Am\u00e1lia revela que seu filho teria posse de uma cruz com uma pedra de Rubi. Para surpresa dela e de Joaquim, \u00e9 ele que possui a j\u00f3ia que o identifica com o irm\u00e3o de Dom Pedro. Joaquim abra\u00e7a a m\u00e3e e todos choram. Os vil\u00f5es lamentam a reviravolta na trama do filho bastardo de D. Jo\u00e3o.<\/p>\n<p>Cenas previstas nos resumos dos cap\u00edtulos de julho e agosto na novela \u201cNovo Mundo\u201d.<\/p>\n<p>Sinopse Novela &#8220;Novo Mundo&#8221;: Jovem ator de Commedia dell&#8217;Arte, Joaquim se apaixona completamente por Anna quando embarca no navio Real rumo ao Novo Mundo. Chegando ao Brasil, torna-se um her\u00f3i e defensor de Dom Pedro, al\u00e9m de grande entusiasta da Independ\u00eancia brasileira. &#8230; &#8220;Uma mulher fant\u00e1stica e poderosa&#8221;, assim era Maria Leopoldina, esposa do imperador Dom Pedro I na hist\u00f3ria do Brasil. E a Leopoldina retratada em Novo Mundo, a nova novela das 6, \u00e9 uma grande homenagem de Let\u00edcia Colin a esta figura t\u00e3o importante a partir do texto de Thereza Falc\u00e3o e Alessandro Marson e da dire\u00e7\u00e3o art\u00edstica de Vin\u00edcius Coimbra. A atriz mergulhou no universo da austr\u00edaca que se jogou neste pa\u00eds e abra\u00e7ou estas terras.<\/p>\n","protected":false},"excerpt":{"rendered":"<p>Na reprise da novela da Globo Novo Mundo, Leopoldina (Let\u00edcia Colin) e Dom Pedro (Caio Castro) se reunem com Anna (Isabelle Drummond), Joaquim (Chay Suede) e Bonif\u00e1cio (Felipe Camargo), quando Sebasti\u00e3o (Roberto Cordovanni) os surpreende: &#8220;Altezas, senhores. Gostaria de aproveitar esta ocasi\u00e3o, para comunicar algo da maior import\u00e2ncia para o futuro do Brasil &#8230; sou [&hellip;]<\/p>\n","protected":false},"author":2,"featured_media":195883,"comment_status":"closed","ping_status":"closed","sticky":false,"template":"","format":"standard","meta":{"tdm_status":"","tdm_grid_status":"","footnotes":""},"categories":[379,557,375,343],"tags":[440],"class_list":{"0":"post-196012","1":"post","2":"type-post","3":"status-publish","4":"format-standard","5":"has-post-thumbnail","7":"category-novelas","8":"category-novo-mundo","9":"category-rede-globo","10":"category-televisao","11":"tag-noticia-novela"},"_links":{"self":[{"href":"https:\/\/migracao.redenoticia.com.br\/noticia\/wp-json\/wp\/v2\/posts\/196012","targetHints":{"allow":["GET"]}}],"collection":[{"href":"https:\/\/migracao.redenoticia.com.br\/noticia\/wp-json\/wp\/v2\/posts"}],"about":[{"href":"https:\/\/migracao.redenoticia.com.br\/noticia\/wp-json\/wp\/v2\/types\/post"}],"author":[{"embeddable":true,"href":"https:\/\/migracao.redenoticia.com.br\/noticia\/wp-json\/wp\/v2\/users\/2"}],"replies":[{"embeddable":true,"href":"https:\/\/migracao.redenoticia.com.br\/noticia\/wp-json\/wp\/v2\/comments?post=196012"}],"version-history":[{"count":0,"href":"https:\/\/migracao.redenoticia.com.br\/noticia\/wp-json\/wp\/v2\/posts\/196012\/revisions"}],"wp:featuredmedia":[{"embeddable":true,"href":"https:\/\/migracao.redenoticia.com.br\/noticia\/wp-json\/wp\/v2\/media\/195883"}],"wp:attachment":[{"href":"https:\/\/migracao.redenoticia.com.br\/noticia\/wp-json\/wp\/v2\/media?parent=196012"}],"wp:term":[{"taxonomy":"category","embeddable":true,"href":"https:\/\/migracao.redenoticia.com.br\/noticia\/wp-json\/wp\/v2\/categories?post=196012"},{"taxonomy":"post_tag","embeddable":true,"href":"https:\/\/migracao.redenoticia.com.br\/noticia\/wp-json\/wp\/v2\/tags?post=196012"}],"curies":[{"name":"wp","href":"https:\/\/api.w.org\/{rel}","templated":true}]}}