{"id":196017,"date":"2020-07-25T19:38:38","date_gmt":"2020-07-25T22:38:38","guid":{"rendered":"https:\/\/www.redenoticia.com.br\/noticia\/?p=196017"},"modified":"2020-07-25T19:38:38","modified_gmt":"2020-07-25T22:38:38","slug":"resumo-novela-chiquititas-27-07-chico-prepara-jantar-especial-no-orfanato","status":"publish","type":"post","link":"https:\/\/migracao.redenoticia.com.br\/noticia\/2020\/resumo-novela-chiquititas-27-07-chico-prepara-jantar-especial-no-orfanato\/196017","title":{"rendered":"Resumo novela \u201cChiquititas\u201d 27\/07: Chico prepara jantar especial no orfanato"},"content":{"rendered":"<p> <img loading=\"lazy\" decoding=\"async\" class=\"aligncenter size-full wp-image-148666\" src=\"https:\/\/migracao.redenoticia.com.br\/noticia\/imagens\/chiquititas-1.jpg\" alt=\"\" width=\"600\" height=\"450\" srcset=\"https:\/\/migracao.redenoticia.com.br\/noticia\/imagens\/chiquititas-1.jpg 600w, https:\/\/migracao.redenoticia.com.br\/noticia\/imagens\/chiquititas-1-250x187.jpg 250w, https:\/\/migracao.redenoticia.com.br\/noticia\/imagens\/chiquititas-1-400x300.jpg 400w, https:\/\/migracao.redenoticia.com.br\/noticia\/imagens\/chiquititas-1-150x113.jpg 150w, https:\/\/migracao.redenoticia.com.br\/noticia\/imagens\/chiquititas-1-265x198.jpg 265w\" sizes=\"auto, (max-width: 600px) 100vw, 600px\" \/><\/p>\n<p><strong><em>Resumo da novela \u201cChiquititas\u201d<\/em><\/strong> em 27\/07: no cap\u00edtulo 020(*) da novela, segunda-feira, 27 de julho, Sofia re\u00fane todas as crian\u00e7as na sala e diz estar triste com a atitude de todos. A diretora diz que eles precisam se comportar e viver como uma fam\u00edlia. Sofia fala da import\u00e2ncia de aprender a dividir as coisas e a respeitar as regras da casa. As crian\u00e7as concordam. A diretora chama Mili e Mosca para fazerem um acordo de paz. Na casa da fam\u00edlia Almeida Campos, Carmen entra no quarto de Gabi e tenta obrig\u00e1-la a tomar o rem\u00e9dio. A mo\u00e7a come\u00e7a a chorar e gritar. Junior escuta e entra no dormit\u00f3rio. O rapaz pergunta o que est\u00e1 acontecendo. Carmen fica sem explica\u00e7\u00e3o.  <\/p>\n<p>Maria Cec\u00edlia conta a hist\u00f3ria sobre sua m\u00e3e querer que ela namore Junior e conta que Eduarda pensa que ela est\u00e1 jantando com o rapaz. A supervisora confessa a Tobias que n\u00e3o gosta de Junior, s\u00f3 o v\u00ea como um amigo de trabalho. Tobias diz que ela pode contar com a companhia dele se ela precisar mentir novamente para a m\u00e3e. O barista diz ainda que poderia ser o Junior de mentira da supervisora. Maria Cec\u00edlia sorri. A supervisora se despede de Tobias com um beijo no rosto do rapaz, que fica surpreso com a atitude da mo\u00e7a. As chiquititas se arrumam para dormir quando Bia pergunta se Cris est\u00e1 apaixonada por Mosca. A garota responde que apenas acha o amigo bonito.  <\/p>\n<p>Carol conta a Leticia sobre sua conversa com Junior e a amiga diz que ela deveria tentar ficar com o rapaz. No dia seguinte, os meninos continuam com coceira na cabe\u00e7a. Rafa lembra que eles colocaram piolhos na cama das meninas e com certeza elas j\u00e1 pegaram. Mosca diz que ningu\u00e9m pode descobrir que foram eles que trouxeram os piolhos para o orfanato. Durante o caf\u00e9 manh\u00e3, Cris e Ana come\u00e7am a co\u00e7ar a cabe\u00e7a e dizem que acham que \u00e9 culpa do shampoo que Ernestina comprou. Carol fica respons\u00e1vel por levar Dani ao col\u00e9gio, pois Leticia foi fazer alguns exames peri\u00f3dicos. Os meninos n\u00e3o aguentam mais a coceira na cabe\u00e7a e Mosca afirma que eles precisam se livrar dos piolhos. Junior e Carol levam Dani para escola. Ap\u00f3s a menina entrar no col\u00e9gio, o empres\u00e1rio convida Carol para jantar. A ajudante aceita o convite. Os meninos lavam a cabe\u00e7a para tirar os piolhos, mas a a\u00e7\u00e3o \u00e9 em v\u00e3o. As meninas chegam da escola e reclamam para Carol sobre a coceira na cabe\u00e7a. Carol diz que todos est\u00e3o com piolhos. Mosca, Rafa e Binho confessam que foram eles que passaram para as meninas.<\/p>\n<p>(*) edi\u00e7\u00e3o das novelas do SBT, \u201cChiquititas\u201d, sujeito a altera\u00e7\u00e3o de data e conte\u00fado.<\/p>\n","protected":false},"excerpt":{"rendered":"<p>Resumo da novela \u201cChiquititas\u201d em 27\/07: no cap\u00edtulo 020(*) da novela, segunda-feira, 27 de julho, Sofia re\u00fane todas as crian\u00e7as na sala e diz estar triste com a atitude de todos. A diretora diz que eles precisam se comportar e viver como uma fam\u00edlia. Sofia fala da import\u00e2ncia de aprender a dividir as coisas e [&hellip;]<\/p>\n","protected":false},"author":2,"featured_media":195894,"comment_status":"closed","ping_status":"closed","sticky":false,"template":"","format":"standard","meta":{"tdm_status":"","tdm_grid_status":"","footnotes":""},"categories":[409,379,372,343],"tags":[441],"class_list":{"0":"post-196017","1":"post","2":"type-post","3":"status-publish","4":"format-standard","5":"has-post-thumbnail","7":"category-chiquititas","8":"category-novelas","9":"category-sbt","10":"category-televisao","11":"tag-resumo-do-dia"},"_links":{"self":[{"href":"https:\/\/migracao.redenoticia.com.br\/noticia\/wp-json\/wp\/v2\/posts\/196017","targetHints":{"allow":["GET"]}}],"collection":[{"href":"https:\/\/migracao.redenoticia.com.br\/noticia\/wp-json\/wp\/v2\/posts"}],"about":[{"href":"https:\/\/migracao.redenoticia.com.br\/noticia\/wp-json\/wp\/v2\/types\/post"}],"author":[{"embeddable":true,"href":"https:\/\/migracao.redenoticia.com.br\/noticia\/wp-json\/wp\/v2\/users\/2"}],"replies":[{"embeddable":true,"href":"https:\/\/migracao.redenoticia.com.br\/noticia\/wp-json\/wp\/v2\/comments?post=196017"}],"version-history":[{"count":0,"href":"https:\/\/migracao.redenoticia.com.br\/noticia\/wp-json\/wp\/v2\/posts\/196017\/revisions"}],"wp:featuredmedia":[{"embeddable":true,"href":"https:\/\/migracao.redenoticia.com.br\/noticia\/wp-json\/wp\/v2\/media\/195894"}],"wp:attachment":[{"href":"https:\/\/migracao.redenoticia.com.br\/noticia\/wp-json\/wp\/v2\/media?parent=196017"}],"wp:term":[{"taxonomy":"category","embeddable":true,"href":"https:\/\/migracao.redenoticia.com.br\/noticia\/wp-json\/wp\/v2\/categories?post=196017"},{"taxonomy":"post_tag","embeddable":true,"href":"https:\/\/migracao.redenoticia.com.br\/noticia\/wp-json\/wp\/v2\/tags?post=196017"}],"curies":[{"name":"wp","href":"https:\/\/api.w.org\/{rel}","templated":true}]}}