{"id":196065,"date":"2020-07-28T00:04:44","date_gmt":"2020-07-28T03:04:44","guid":{"rendered":"https:\/\/www.redenoticia.com.br\/noticia\/?p=196065"},"modified":"2020-07-28T00:04:44","modified_gmt":"2020-07-28T03:04:44","slug":"resumo-novela-fina-estampa-28-07-patricia-descobre-a-historia-de-tereza-cristina","status":"publish","type":"post","link":"https:\/\/migracao.redenoticia.com.br\/noticia\/2020\/resumo-novela-fina-estampa-28-07-patricia-descobre-a-historia-de-tereza-cristina\/196065","title":{"rendered":"Resumo novela \u201cFina Estampa\u201d 28\/07: Patr\u00edcia descobre a hist\u00f3ria de Tereza Cristina"},"content":{"rendered":"<p> <img loading=\"lazy\" decoding=\"async\" class=\"aligncenter size-full wp-image-190230\" src=\"https:\/\/migracao.redenoticia.com.br\/noticia\/imagens\/fina-estampa.jpg\" alt=\"\" width=\"800\" height=\"792\" srcset=\"https:\/\/migracao.redenoticia.com.br\/noticia\/imagens\/fina-estampa.jpg 800w, https:\/\/migracao.redenoticia.com.br\/noticia\/imagens\/fina-estampa-189x187.jpg 189w, https:\/\/migracao.redenoticia.com.br\/noticia\/imagens\/fina-estampa-303x300.jpg 303w, https:\/\/migracao.redenoticia.com.br\/noticia\/imagens\/fina-estampa-768x760.jpg 768w, https:\/\/migracao.redenoticia.com.br\/noticia\/imagens\/fina-estampa-150x150.jpg 150w, https:\/\/migracao.redenoticia.com.br\/noticia\/imagens\/fina-estampa-141x140.jpg 141w, https:\/\/migracao.redenoticia.com.br\/noticia\/imagens\/fina-estampa-86x85.jpg 86w, https:\/\/migracao.redenoticia.com.br\/noticia\/imagens\/fina-estampa-696x689.jpg 696w\" sizes=\"auto, (max-width: 800px) 100vw, 800px\" \/><\/p>\n<p><em><strong>Resumo novela \u201cFina Estampa\u201d 28\/07<\/strong><\/em>: no cap\u00edtulo 110(*) da novela, ter\u00e7a-feira, 28 de julho, Tereza Cristina manda o rep\u00f3rter ir \u00e0 sua casa e dispensa seus empregados. \u00cdris e Alice ficam assustadas com o comportamento da socialite e v\u00e3o embora. Vilma fala para Juan Guilherme que Chiara convidou Let\u00edcia para jantar. Luana avisa a Joana que ela n\u00e3o encontrar\u00e1 o que procura no hospital onde Marcela morreu.<\/p>\n<p>Patr\u00edcia d\u00e1 um ultimato em Antenor e ele revela a hist\u00f3ria de Tereza Cristina. \u00c1lvaro pede ajuda a Ren\u00e9 ao saber que o segredo de sua prima est\u00e1 prestes a ser revelado. Alexandre flagra Patr\u00edcia e Antenor se beijando. Juan Guilherme fala para Chiara que a levar\u00e1 ao m\u00e9dico. Celeste avisa a Griselda que Tereza Cristina pediu para ficar sozinha em casa. O rep\u00f3rter chega \u00e0 casa de Tereza Cristina.<\/p>\n<p>(*) edi\u00e7\u00e3o das novelas da Globo, \u201cFina Estampa\u201d, sujeito a altera\u00e7\u00e3o de data e conte\u00fado.<\/p>\n<p>Sinopse \u201cFina Estampa\u201d: A vi\u00fava Griselda, conhecida como Pereir\u00e3o, trabalha como faz-tudo para sustentar seus tr\u00eas filhos. J\u00e1 Tereza Cristina \u00e9 uma socialite que acredita ter a vida perfeita. Seus destinos se cruzam por acaso e tudo muda quando Griselda ganha 30 milh\u00f5es. <\/p>\n","protected":false},"excerpt":{"rendered":"<p>Resumo novela \u201cFina Estampa\u201d 28\/07: no cap\u00edtulo 110(*) da novela, ter\u00e7a-feira, 28 de julho, Tereza Cristina manda o rep\u00f3rter ir \u00e0 sua casa e dispensa seus empregados. \u00cdris e Alice ficam assustadas com o comportamento da socialite e v\u00e3o embora. Vilma fala para Juan Guilherme que Chiara convidou Let\u00edcia para jantar. Luana avisa a Joana [&hellip;]<\/p>\n","protected":false},"author":2,"featured_media":195132,"comment_status":"closed","ping_status":"closed","sticky":false,"template":"","format":"standard","meta":{"tdm_status":"","tdm_grid_status":"","footnotes":""},"categories":[555,379,375,2025,343],"tags":[441],"class_list":{"0":"post-196065","1":"post","2":"type-post","3":"status-publish","4":"format-standard","5":"has-post-thumbnail","7":"category-fina-estampa","8":"category-novelas","9":"category-rede-globo","10":"category-resumo","11":"category-televisao","12":"tag-resumo-do-dia"},"_links":{"self":[{"href":"https:\/\/migracao.redenoticia.com.br\/noticia\/wp-json\/wp\/v2\/posts\/196065","targetHints":{"allow":["GET"]}}],"collection":[{"href":"https:\/\/migracao.redenoticia.com.br\/noticia\/wp-json\/wp\/v2\/posts"}],"about":[{"href":"https:\/\/migracao.redenoticia.com.br\/noticia\/wp-json\/wp\/v2\/types\/post"}],"author":[{"embeddable":true,"href":"https:\/\/migracao.redenoticia.com.br\/noticia\/wp-json\/wp\/v2\/users\/2"}],"replies":[{"embeddable":true,"href":"https:\/\/migracao.redenoticia.com.br\/noticia\/wp-json\/wp\/v2\/comments?post=196065"}],"version-history":[{"count":0,"href":"https:\/\/migracao.redenoticia.com.br\/noticia\/wp-json\/wp\/v2\/posts\/196065\/revisions"}],"wp:featuredmedia":[{"embeddable":true,"href":"https:\/\/migracao.redenoticia.com.br\/noticia\/wp-json\/wp\/v2\/media\/195132"}],"wp:attachment":[{"href":"https:\/\/migracao.redenoticia.com.br\/noticia\/wp-json\/wp\/v2\/media?parent=196065"}],"wp:term":[{"taxonomy":"category","embeddable":true,"href":"https:\/\/migracao.redenoticia.com.br\/noticia\/wp-json\/wp\/v2\/categories?post=196065"},{"taxonomy":"post_tag","embeddable":true,"href":"https:\/\/migracao.redenoticia.com.br\/noticia\/wp-json\/wp\/v2\/tags?post=196065"}],"curies":[{"name":"wp","href":"https:\/\/api.w.org\/{rel}","templated":true}]}}