{"id":196069,"date":"2020-07-28T00:01:39","date_gmt":"2020-07-28T03:01:39","guid":{"rendered":"https:\/\/www.redenoticia.com.br\/noticia\/?p=196069"},"modified":"2020-07-28T00:02:39","modified_gmt":"2020-07-28T03:02:39","slug":"resumo-novela-eta-mundo-bom-28-07-anastacia-descobre-que-ilde-flagrou-araujo-com-sandra","status":"publish","type":"post","link":"https:\/\/migracao.redenoticia.com.br\/noticia\/2020\/resumo-novela-eta-mundo-bom-28-07-anastacia-descobre-que-ilde-flagrou-araujo-com-sandra\/196069","title":{"rendered":"Resumo novela \u201cEta Mundo Bom\u201d 28\/07: Anast\u00e1cia desconfia da sobrinha"},"content":{"rendered":"<p> <img loading=\"lazy\" decoding=\"async\" class=\"aligncenter size-full wp-image-192794\" src=\"https:\/\/migracao.redenoticia.com.br\/noticia\/imagens\/eta-mundo-bom-fazenda.jpg\" alt=\"\" width=\"502\" height=\"460\" srcset=\"https:\/\/migracao.redenoticia.com.br\/noticia\/imagens\/eta-mundo-bom-fazenda.jpg 502w, https:\/\/migracao.redenoticia.com.br\/noticia\/imagens\/eta-mundo-bom-fazenda-204x187.jpg 204w, https:\/\/migracao.redenoticia.com.br\/noticia\/imagens\/eta-mundo-bom-fazenda-327x300.jpg 327w, https:\/\/migracao.redenoticia.com.br\/noticia\/imagens\/eta-mundo-bom-fazenda-153x140.jpg 153w, https:\/\/migracao.redenoticia.com.br\/noticia\/imagens\/eta-mundo-bom-fazenda-93x85.jpg 93w\" sizes=\"auto, (max-width: 502px) 100vw, 502px\" \/><\/p>\n<p><strong><em>Resumo novela \u201cEta Mundo Bom\u201d 28\/07<\/em><\/strong>: no cap\u00edtulo 067(*) da novela, ter\u00e7a-feira, 28 de julho, Sandra tenta despistar Anast\u00e1cia, mas ela desconfia da sobrinha. Ara\u00fajo aprova a conduta de Olga com Cl\u00e1udio. Eponina se surpreende com o comportamento de Pandolfo em sua primeira noite de casados. Maria descobre que Sandra visitou Ara\u00fajo. Eponina desabafa com Mafalda e Filomena sobre sua primeira noite com Pandolfo.<\/p>\n<p>Pancr\u00e1cio \u00e9 preso com um de seus disfarces. Sandra avisa a Ernesto que ter\u00e3o de se afastar at\u00e9 que o golpe contra Anast\u00e1cia seja conclu\u00eddo. Anast\u00e1cia descobre que Ilde flagrou Ara\u00fajo com Sandra. Anast\u00e1cia confronta Sandra.<\/p>\n<p>(*) edi\u00e7\u00e3o das novelas da Globo, \u201cEta Mundo Bom\u201d, sujeito a altera\u00e7\u00e3o de data e conte\u00fado.<\/p>\n<p>&#8220;Eta Mundo Bom&#8221; \u00e9 ambientada em 1948. A trama conta a hist\u00f3ria de Candinho (S\u00e9rgio Guiz\u00e9), que foi separado da m\u00e3e logo ap\u00f3s seu nascimento e foi acolhido pelo casal Cunegundes (Elizabeth Savalla) e Quinzinho (Ary Fontoura), donos da decadente fazenda Dom Pedro II, perto da cidade fict\u00edcia de Piracema, por volta dos anos 20.<\/p>\n","protected":false},"excerpt":{"rendered":"<p>Resumo novela \u201cEta Mundo Bom\u201d 28\/07: no cap\u00edtulo 067(*) da novela, ter\u00e7a-feira, 28 de julho, Sandra tenta despistar Anast\u00e1cia, mas ela desconfia da sobrinha. Ara\u00fajo aprova a conduta de Olga com Cl\u00e1udio. Eponina se surpreende com o comportamento de Pandolfo em sua primeira noite de casados. Maria descobre que Sandra visitou Ara\u00fajo. Eponina desabafa com [&hellip;]<\/p>\n","protected":false},"author":2,"featured_media":195144,"comment_status":"closed","ping_status":"closed","sticky":false,"template":"","format":"standard","meta":{"tdm_status":"","tdm_grid_status":"","footnotes":""},"categories":[558,379,375,2025,343],"tags":[441],"class_list":{"0":"post-196069","1":"post","2":"type-post","3":"status-publish","4":"format-standard","5":"has-post-thumbnail","7":"category-eta-mundo-bom","8":"category-novelas","9":"category-rede-globo","10":"category-resumo","11":"category-televisao","12":"tag-resumo-do-dia"},"_links":{"self":[{"href":"https:\/\/migracao.redenoticia.com.br\/noticia\/wp-json\/wp\/v2\/posts\/196069","targetHints":{"allow":["GET"]}}],"collection":[{"href":"https:\/\/migracao.redenoticia.com.br\/noticia\/wp-json\/wp\/v2\/posts"}],"about":[{"href":"https:\/\/migracao.redenoticia.com.br\/noticia\/wp-json\/wp\/v2\/types\/post"}],"author":[{"embeddable":true,"href":"https:\/\/migracao.redenoticia.com.br\/noticia\/wp-json\/wp\/v2\/users\/2"}],"replies":[{"embeddable":true,"href":"https:\/\/migracao.redenoticia.com.br\/noticia\/wp-json\/wp\/v2\/comments?post=196069"}],"version-history":[{"count":0,"href":"https:\/\/migracao.redenoticia.com.br\/noticia\/wp-json\/wp\/v2\/posts\/196069\/revisions"}],"wp:featuredmedia":[{"embeddable":true,"href":"https:\/\/migracao.redenoticia.com.br\/noticia\/wp-json\/wp\/v2\/media\/195144"}],"wp:attachment":[{"href":"https:\/\/migracao.redenoticia.com.br\/noticia\/wp-json\/wp\/v2\/media?parent=196069"}],"wp:term":[{"taxonomy":"category","embeddable":true,"href":"https:\/\/migracao.redenoticia.com.br\/noticia\/wp-json\/wp\/v2\/categories?post=196069"},{"taxonomy":"post_tag","embeddable":true,"href":"https:\/\/migracao.redenoticia.com.br\/noticia\/wp-json\/wp\/v2\/tags?post=196069"}],"curies":[{"name":"wp","href":"https:\/\/api.w.org\/{rel}","templated":true}]}}