{"id":196070,"date":"2020-07-28T00:00:13","date_gmt":"2020-07-28T03:00:13","guid":{"rendered":"https:\/\/www.redenoticia.com.br\/noticia\/?p=196070"},"modified":"2020-07-28T00:00:13","modified_gmt":"2020-07-28T03:00:13","slug":"resumo-quando-me-apaixono-28-07-jeronimo-recebe-a-noticia-de-rafael","status":"publish","type":"post","link":"https:\/\/migracao.redenoticia.com.br\/noticia\/2020\/resumo-quando-me-apaixono-28-07-jeronimo-recebe-a-noticia-de-rafael\/196070","title":{"rendered":"Resumo \u201cQuando me Apaixono \u201d 28\/07: Jer\u00f4nimo recebe a not\u00edcia de Rafael"},"content":{"rendered":"<p><em><strong><img loading=\"lazy\" decoding=\"async\" class=\"aligncenter size-full wp-image-195148\" src=\"https:\/\/migracao.redenoticia.com.br\/noticia\/imagens\/Resumo-Quando-me-Apaixono-capitulos-novela-sbt.jpg\" alt=\"\" width=\"1280\" height=\"720\" srcset=\"https:\/\/migracao.redenoticia.com.br\/noticia\/imagens\/Resumo-Quando-me-Apaixono-capitulos-novela-sbt.jpg 1280w, https:\/\/migracao.redenoticia.com.br\/noticia\/imagens\/Resumo-Quando-me-Apaixono-capitulos-novela-sbt-250x140.jpg 250w, https:\/\/migracao.redenoticia.com.br\/noticia\/imagens\/Resumo-Quando-me-Apaixono-capitulos-novela-sbt-400x225.jpg 400w, https:\/\/migracao.redenoticia.com.br\/noticia\/imagens\/Resumo-Quando-me-Apaixono-capitulos-novela-sbt-768x432.jpg 768w, https:\/\/migracao.redenoticia.com.br\/noticia\/imagens\/Resumo-Quando-me-Apaixono-capitulos-novela-sbt-150x85.jpg 150w, https:\/\/migracao.redenoticia.com.br\/noticia\/imagens\/Resumo-Quando-me-Apaixono-capitulos-novela-sbt-696x392.jpg 696w, https:\/\/migracao.redenoticia.com.br\/noticia\/imagens\/Resumo-Quando-me-Apaixono-capitulos-novela-sbt-1068x601.jpg 1068w\" sizes=\"auto, (max-width: 1280px) 100vw, 1280px\" \/><\/strong><\/em><\/p>\n<p>Resumo novela \u201cQuando me Apaixono \u201d 28\/07: no cap\u00edtulo 007(*) da novela, ter\u00e7a-feira, 28 de julho, Rafael agoniza no ch\u00e3o de seu quarto enquanto espera pelo m\u00e9dico. Quando Dr. \u00c1lvaro chega se depara com uma situa\u00e7\u00e3o grav\u00edssima e, diante da impossibilidade de lev\u00e1-lo para o povoado, decide oper\u00e1-lo no local para retirar a bala que tem alojada no est\u00f4mago. Roberta est\u00e1 espiando Renata, pois sabe que ela tem um encontro marcado com Rafael. Jer\u00f4nimo tenta, em v\u00e3o, falar com seu irm\u00e3o e nem imagina o que est\u00e1 acontecendo na fazenda. Josefina, inquieta, liga para Renata e pergunta o que aconteceu com Rafael. Renata diz que ele n\u00e3o apareceu para jantar como havia combinado e nem ligou para se justificar.<\/p>\n<p>Dr. \u00c1lvaro consegue retirar a bala, mas Rafael perdeu muito sangue e n\u00e3o resiste. Augusto pede ao m\u00e9dico que consiga a dispensa da autopsia, pois percebeu que estava b\u00eabado quando o operou. Matilde encontra uma carta e sai gritando que \u201ca bonita\u201d matou seu patr\u00e3o. Augusto exige que ela entregue a carta para Jer\u00f4nimo. Josefina n\u00e3o consegue esconder a satisfa\u00e7\u00e3o ao saber que Rafael est\u00e1 morto. Jer\u00f4nimo chega \u00e0 fazenda e recebe a tr\u00e1gica not\u00edcia de que seu irm\u00e3o est\u00e1 morto.<\/p>\n<p>(*) edi\u00e7\u00e3o das novelas do SBT, \u201cQuando me Apaixono \u201d, sujeito a altera\u00e7\u00e3o de data e conte\u00fado.<\/p>\n<p>Sinopse \u201cQuando me Apaixono\u201d: A hist\u00f3ria come\u00e7a com o nascimento de duas meninas, Regina e Roberta; ambas s\u00e3o filhas de Roberto Gamba (Sebasti\u00e1n Rulli), mas de m\u00e3es diferentes. Enquanto Regina \u00e9 filha de Regina Sober\u00f3n Gamba (Lidia \u00c1vila\/Julieta Rosen), a esposa leg\u00edtima de Roberto, Roberta \u00e9 filha de Josefina &#8220;Pepa&#8221; \u00c1lvarez Mart\u00ednez (Margarita Maga\u00f1a\/Roc\u00edo Banquells), a amante de Roberto.<\/p>\n<p>Quando Roberto diz a Pepa que n\u00e3o vai deixar sua esposa e sua filha Regina, aquela, cheia de raiva depois de causar a morte de Roberto, decide raptar a filha de Regina para se vingar dela e faz\u00ea-la sofrer. Pepa muda o nome de Regina para Renata e foge com as duas meninas, deixando Regina despeda\u00e7ada pela perda de sua filha.<\/p>\n","protected":false},"excerpt":{"rendered":"<p>Resumo novela \u201cQuando me Apaixono \u201d 28\/07: no cap\u00edtulo 007(*) da novela, ter\u00e7a-feira, 28 de julho, Rafael agoniza no ch\u00e3o de seu quarto enquanto espera pelo m\u00e9dico. Quando Dr. \u00c1lvaro chega se depara com uma situa\u00e7\u00e3o grav\u00edssima e, diante da impossibilidade de lev\u00e1-lo para o povoado, decide oper\u00e1-lo no local para retirar a bala que [&hellip;]<\/p>\n","protected":false},"author":2,"featured_media":195147,"comment_status":"closed","ping_status":"closed","sticky":false,"template":"","format":"standard","meta":{"tdm_status":"","tdm_grid_status":"","footnotes":""},"categories":[379,2028,2025,372,343],"tags":[441],"class_list":{"0":"post-196070","1":"post","2":"type-post","3":"status-publish","4":"format-standard","5":"has-post-thumbnail","7":"category-novelas","8":"category-quando-me-apaixono","9":"category-resumo","10":"category-sbt","11":"category-televisao","12":"tag-resumo-do-dia"},"_links":{"self":[{"href":"https:\/\/migracao.redenoticia.com.br\/noticia\/wp-json\/wp\/v2\/posts\/196070","targetHints":{"allow":["GET"]}}],"collection":[{"href":"https:\/\/migracao.redenoticia.com.br\/noticia\/wp-json\/wp\/v2\/posts"}],"about":[{"href":"https:\/\/migracao.redenoticia.com.br\/noticia\/wp-json\/wp\/v2\/types\/post"}],"author":[{"embeddable":true,"href":"https:\/\/migracao.redenoticia.com.br\/noticia\/wp-json\/wp\/v2\/users\/2"}],"replies":[{"embeddable":true,"href":"https:\/\/migracao.redenoticia.com.br\/noticia\/wp-json\/wp\/v2\/comments?post=196070"}],"version-history":[{"count":0,"href":"https:\/\/migracao.redenoticia.com.br\/noticia\/wp-json\/wp\/v2\/posts\/196070\/revisions"}],"wp:featuredmedia":[{"embeddable":true,"href":"https:\/\/migracao.redenoticia.com.br\/noticia\/wp-json\/wp\/v2\/media\/195147"}],"wp:attachment":[{"href":"https:\/\/migracao.redenoticia.com.br\/noticia\/wp-json\/wp\/v2\/media?parent=196070"}],"wp:term":[{"taxonomy":"category","embeddable":true,"href":"https:\/\/migracao.redenoticia.com.br\/noticia\/wp-json\/wp\/v2\/categories?post=196070"},{"taxonomy":"post_tag","embeddable":true,"href":"https:\/\/migracao.redenoticia.com.br\/noticia\/wp-json\/wp\/v2\/tags?post=196070"}],"curies":[{"name":"wp","href":"https:\/\/api.w.org\/{rel}","templated":true}]}}