{"id":196090,"date":"2020-09-12T20:03:56","date_gmt":"2020-09-12T23:03:56","guid":{"rendered":"https:\/\/www.redenoticia.com.br\/noticia\/?p=196090"},"modified":"2020-09-12T20:05:20","modified_gmt":"2020-09-12T23:05:20","slug":"lotofacil-da-independencia-2030","status":"publish","type":"post","link":"https:\/\/migracao.redenoticia.com.br\/noticia\/2020\/lotofacil-da-independencia-2030\/196090","title":{"rendered":"&#8220;Lotof\u00e1cil&#8221; 2030 da Independ\u00eancia: Sorteio Especial de 2020"},"content":{"rendered":"<p><em><strong>&#8220;Lotof\u00e1cil&#8221; 2030 Independ\u00eancia<\/strong><\/em>, especial de 2020: o concurso especial realizado em setembro da cada ano, a &#8220;Lotof\u00e1cil&#8221; da Independ\u00eancia, prev\u00ea a maior premia\u00e7\u00e3o da modalidade no per\u00edodo. O pr\u00eamio acumulado este ano, para o concurso &#8220;Lotof\u00e1cil&#8221; 2030, est\u00e1 previsto superar R$ 125.000.000,00. A comercializa\u00e7\u00e3o do volante especial come\u00e7ou dia 27\/07, e ser\u00e1 sorteado no dia 12 de setembro.<\/p>\n<p><img loading=\"lazy\" decoding=\"async\" class=\"aligncenter size-full wp-image-194761\" src=\"https:\/\/migracao.redenoticia.com.br\/noticia\/imagens\/resultado-lotofacil-independencia-sorteio-loteria-premio.jpg\" alt=\"\" width=\"1280\" height=\"720\" srcset=\"https:\/\/migracao.redenoticia.com.br\/noticia\/imagens\/resultado-lotofacil-independencia-sorteio-loteria-premio.jpg 1280w, https:\/\/migracao.redenoticia.com.br\/noticia\/imagens\/resultado-lotofacil-independencia-sorteio-loteria-premio-250x140.jpg 250w, https:\/\/migracao.redenoticia.com.br\/noticia\/imagens\/resultado-lotofacil-independencia-sorteio-loteria-premio-400x225.jpg 400w, https:\/\/migracao.redenoticia.com.br\/noticia\/imagens\/resultado-lotofacil-independencia-sorteio-loteria-premio-768x432.jpg 768w, https:\/\/migracao.redenoticia.com.br\/noticia\/imagens\/resultado-lotofacil-independencia-sorteio-loteria-premio-150x85.jpg 150w, https:\/\/migracao.redenoticia.com.br\/noticia\/imagens\/resultado-lotofacil-independencia-sorteio-loteria-premio-696x392.jpg 696w, https:\/\/migracao.redenoticia.com.br\/noticia\/imagens\/resultado-lotofacil-independencia-sorteio-loteria-premio-1068x601.jpg 1068w\" sizes=\"auto, (max-width: 1280px) 100vw, 1280px\" \/><\/p>\n<p>[xyz-ips snippet=&#8221;ResultadoLotoFacil&#8221;]<\/p>\n<p>A partir do dia 03 de agosto de 2020, a modalidade Lotof\u00e1cil passa por altera\u00e7\u00f5es. A periodicidade passa a ser di\u00e1ria, com sorteios \u00e0s segundas, ter\u00e7as, quartas, quintas, sextas e s\u00e1bados. Haver\u00e1 reserva de pr\u00eamio para concursos de final 0, a ser distribu\u00edda aos acertadores dos 15 n\u00fameros nos concursos de final 0. A partir do dia 10 de agosto de 2020, ser\u00e1 poss\u00edvel efetuar apostas m\u00faltiplas na modalidade tamb\u00e9m com 19 e 20 n\u00fameros.<\/p>\n<p>Destaque<\/p>\n<p>Os concursos especiais s\u00e3o sorteios que objetivam mobilizar os apostadores para que participem concorrendo a pr\u00eamios maiores e n\u00e3o acumulativos.<\/p>\n<p>Distribui\u00e7\u00e3o do valor destinado ao pagamento dos pr\u00eamios com valores vari\u00e1veis (ap\u00f3s dedu\u00e7\u00e3o das faixas de pr\u00eamios fixos):<br \/>\n&#8211; 80% &#8211; primeira faixa &#8211; quinze acertos;<br \/>\n&#8211; 20% &#8211; segunda faixa &#8211; quatorze acertos.<\/p>\n<p>N\u00e3o existindo apostas premiadas com quinze n\u00fameros, o pr\u00eamio ser\u00e1 rateado entre os acertadores de quatorze n\u00fameros.<\/p>\n<p>O Bol\u00e3o \u00e9 a possibilidade que o apostador tem de realizar apostas em grupo. Basta preencher o campo pr\u00f3prio no volante ou solicitar ao atendente da lot\u00e9rica. \u00c9 poss\u00edvel comprar cotas de bol\u00f5es organizados pelas Unidades Lot\u00e9ricas. Neste caso, poder\u00e1 ser cobrada uma Tarifa de Servi\u00e7o adicional de at\u00e9 35% do valor da cota.<\/p>\n","protected":false},"excerpt":{"rendered":"<p>&#8220;Lotof\u00e1cil&#8221; 2030 Independ\u00eancia, especial de 2020: o concurso especial realizado em setembro da cada ano, a &#8220;Lotof\u00e1cil&#8221; da Independ\u00eancia, prev\u00ea a maior premia\u00e7\u00e3o da modalidade no per\u00edodo. O pr\u00eamio acumulado este ano, para o concurso &#8220;Lotof\u00e1cil&#8221; 2030, est\u00e1 previsto superar R$ 125.000.000,00. A comercializa\u00e7\u00e3o do volante especial come\u00e7ou dia 27\/07, e ser\u00e1 sorteado no dia [&hellip;]<\/p>\n","protected":false},"author":2,"featured_media":194763,"comment_status":"closed","ping_status":"closed","sticky":false,"template":"","format":"standard","meta":{"tdm_status":"","tdm_grid_status":"","footnotes":""},"categories":[388,335,357,2026],"tags":[476,481,531],"class_list":{"0":"post-196090","1":"post","2":"type-post","3":"status-publish","4":"format-standard","5":"has-post-thumbnail","7":"category-destaques","8":"category-loteria","9":"category-loto-facil","10":"category-lotofacil-da-independencia","11":"tag-loteria","12":"tag-lotofacil","13":"tag-numeros-sorteados"},"_links":{"self":[{"href":"https:\/\/migracao.redenoticia.com.br\/noticia\/wp-json\/wp\/v2\/posts\/196090","targetHints":{"allow":["GET"]}}],"collection":[{"href":"https:\/\/migracao.redenoticia.com.br\/noticia\/wp-json\/wp\/v2\/posts"}],"about":[{"href":"https:\/\/migracao.redenoticia.com.br\/noticia\/wp-json\/wp\/v2\/types\/post"}],"author":[{"embeddable":true,"href":"https:\/\/migracao.redenoticia.com.br\/noticia\/wp-json\/wp\/v2\/users\/2"}],"replies":[{"embeddable":true,"href":"https:\/\/migracao.redenoticia.com.br\/noticia\/wp-json\/wp\/v2\/comments?post=196090"}],"version-history":[{"count":0,"href":"https:\/\/migracao.redenoticia.com.br\/noticia\/wp-json\/wp\/v2\/posts\/196090\/revisions"}],"wp:featuredmedia":[{"embeddable":true,"href":"https:\/\/migracao.redenoticia.com.br\/noticia\/wp-json\/wp\/v2\/media\/194763"}],"wp:attachment":[{"href":"https:\/\/migracao.redenoticia.com.br\/noticia\/wp-json\/wp\/v2\/media?parent=196090"}],"wp:term":[{"taxonomy":"category","embeddable":true,"href":"https:\/\/migracao.redenoticia.com.br\/noticia\/wp-json\/wp\/v2\/categories?post=196090"},{"taxonomy":"post_tag","embeddable":true,"href":"https:\/\/migracao.redenoticia.com.br\/noticia\/wp-json\/wp\/v2\/tags?post=196090"}],"curies":[{"name":"wp","href":"https:\/\/api.w.org\/{rel}","templated":true}]}}