{"id":196114,"date":"2020-07-28T20:02:39","date_gmt":"2020-07-28T23:02:39","guid":{"rendered":"https:\/\/www.redenoticia.com.br\/noticia\/?p=196114"},"modified":"2020-07-28T20:02:39","modified_gmt":"2020-07-28T23:02:39","slug":"resumo-quando-me-apaixono-29-07-jeronimo-jura-vingar-a-morte-de-seu-irmao","status":"publish","type":"post","link":"https:\/\/migracao.redenoticia.com.br\/noticia\/2020\/resumo-quando-me-apaixono-29-07-jeronimo-jura-vingar-a-morte-de-seu-irmao\/196114","title":{"rendered":"Resumo \u201cQuando me Apaixono \u201d 29\/07: Jer\u00f4nimo jura vingar a morte de seu irm\u00e3o"},"content":{"rendered":"<p> <em><strong><img loading=\"lazy\" decoding=\"async\" class=\"aligncenter size-full wp-image-195148\" src=\"https:\/\/migracao.redenoticia.com.br\/noticia\/imagens\/Resumo-Quando-me-Apaixono-capitulos-novela-sbt.jpg\" alt=\"\" width=\"1280\" height=\"720\" srcset=\"https:\/\/migracao.redenoticia.com.br\/noticia\/imagens\/Resumo-Quando-me-Apaixono-capitulos-novela-sbt.jpg 1280w, https:\/\/migracao.redenoticia.com.br\/noticia\/imagens\/Resumo-Quando-me-Apaixono-capitulos-novela-sbt-250x140.jpg 250w, https:\/\/migracao.redenoticia.com.br\/noticia\/imagens\/Resumo-Quando-me-Apaixono-capitulos-novela-sbt-400x225.jpg 400w, https:\/\/migracao.redenoticia.com.br\/noticia\/imagens\/Resumo-Quando-me-Apaixono-capitulos-novela-sbt-768x432.jpg 768w, https:\/\/migracao.redenoticia.com.br\/noticia\/imagens\/Resumo-Quando-me-Apaixono-capitulos-novela-sbt-150x85.jpg 150w, https:\/\/migracao.redenoticia.com.br\/noticia\/imagens\/Resumo-Quando-me-Apaixono-capitulos-novela-sbt-696x392.jpg 696w, https:\/\/migracao.redenoticia.com.br\/noticia\/imagens\/Resumo-Quando-me-Apaixono-capitulos-novela-sbt-1068x601.jpg 1068w\" sizes=\"auto, (max-width: 1280px) 100vw, 1280px\" \/><\/strong><\/em><\/p>\n<p>Resumo novela \u201cQuando me Apaixono \u201d 29\/07: no cap\u00edtulo 008(*) da novela, quarta-feira, 29 de julho, Jer\u00f4nimo est\u00e1 em choque com a not\u00edcia da morte do irm\u00e3o. Mas n\u00e3o \u00e9 s\u00f3 isso, segundo os empregados da fazenda ele se suicidou por causa de uma mulher a quem chamava de \u201ca bonita\u201d e que terminou o relacionamento com ele apenas a uma semana do casamento. O m\u00e9dico, sem pedir uma autopsia, decide enterrar o corpo de Rafael o mais r\u00e1pido poss\u00edvel. \u00c1lvaro e Augusto eram s\u00f3cios de Rafael e est\u00e3o muito interessados na colheita e nas terras deixadas por Rafael e Jer\u00f4nimo n\u00e3o sabe de nada.<\/p>\n<p>Matias e Renata est\u00e3o apaixonados. Eles passam o dia juntos e se beijam, mas Renata se desconcerta ao perceber que n\u00e3o sentiu nada com o beijo que sonhou por toda a vida. Gon\u00e7alo est\u00e1 feliz com o relacionamento dos dois. Josefina, ao contr\u00e1rio, critica Renata por estar arriscando a estabilidade da fam\u00edlia. Roberta est\u00e1 a ponto de viajar at\u00e9 a fazenda para saber o que aconteceu para Rafael n\u00e3o ter vindo para a capital, mas Josefina a convence a esperar mais alguns dias.<\/p>\n<p>Nesse momento, chegam cartas de Rafael para Roberta terminando o relacionamento. Essas cartas foram escritas por Josefina antes de ir para a fazenda, imitando a letra dos dois e preparando o terreno para o que pensava fazer. Jer\u00f4nimo, ainda muito abalado, jura diante do t\u00famulo do irm\u00e3o que vai vingar sua morte e far\u00e1 a mulher que o levou ao suic\u00eddio pagar na pr\u00f3pria carne.<\/p>\n<p>(*) edi\u00e7\u00e3o das novelas do SBT, \u201cQuando me Apaixono \u201d, sujeito a altera\u00e7\u00e3o de data e conte\u00fado.<\/p>\n<p>Sinopse \u201cQuando me Apaixono\u201d: A hist\u00f3ria come\u00e7a com o nascimento de duas meninas, Regina e Roberta; ambas s\u00e3o filhas de Roberto Gamba (Sebasti\u00e1n Rulli), mas de m\u00e3es diferentes. Enquanto Regina \u00e9 filha de Regina Sober\u00f3n Gamba (Lidia \u00c1vila\/Julieta Rosen), a esposa leg\u00edtima de Roberto, Roberta \u00e9 filha de Josefina &#8220;Pepa&#8221; \u00c1lvarez Mart\u00ednez (Margarita Maga\u00f1a\/Roc\u00edo Banquells), a amante de Roberto.<\/p>\n<p>Quando Roberto diz a Pepa que n\u00e3o vai deixar sua esposa e sua filha Regina, aquela, cheia de raiva depois de causar a morte de Roberto, decide raptar a filha de Regina para se vingar dela e faz\u00ea-la sofrer. Pepa muda o nome de Regina para Renata e foge com as duas meninas, deixando Regina despeda\u00e7ada pela perda de sua filha.<\/p>\n","protected":false},"excerpt":{"rendered":"<p>Resumo novela \u201cQuando me Apaixono \u201d 29\/07: no cap\u00edtulo 008(*) da novela, quarta-feira, 29 de julho, Jer\u00f4nimo est\u00e1 em choque com a not\u00edcia da morte do irm\u00e3o. Mas n\u00e3o \u00e9 s\u00f3 isso, segundo os empregados da fazenda ele se suicidou por causa de uma mulher a quem chamava de \u201ca bonita\u201d e que terminou o [&hellip;]<\/p>\n","protected":false},"author":2,"featured_media":195147,"comment_status":"closed","ping_status":"closed","sticky":false,"template":"","format":"standard","meta":{"tdm_status":"","tdm_grid_status":"","footnotes":""},"categories":[379,2028,372,343],"tags":[441],"class_list":{"0":"post-196114","1":"post","2":"type-post","3":"status-publish","4":"format-standard","5":"has-post-thumbnail","7":"category-novelas","8":"category-quando-me-apaixono","9":"category-sbt","10":"category-televisao","11":"tag-resumo-do-dia"},"_links":{"self":[{"href":"https:\/\/migracao.redenoticia.com.br\/noticia\/wp-json\/wp\/v2\/posts\/196114","targetHints":{"allow":["GET"]}}],"collection":[{"href":"https:\/\/migracao.redenoticia.com.br\/noticia\/wp-json\/wp\/v2\/posts"}],"about":[{"href":"https:\/\/migracao.redenoticia.com.br\/noticia\/wp-json\/wp\/v2\/types\/post"}],"author":[{"embeddable":true,"href":"https:\/\/migracao.redenoticia.com.br\/noticia\/wp-json\/wp\/v2\/users\/2"}],"replies":[{"embeddable":true,"href":"https:\/\/migracao.redenoticia.com.br\/noticia\/wp-json\/wp\/v2\/comments?post=196114"}],"version-history":[{"count":0,"href":"https:\/\/migracao.redenoticia.com.br\/noticia\/wp-json\/wp\/v2\/posts\/196114\/revisions"}],"wp:featuredmedia":[{"embeddable":true,"href":"https:\/\/migracao.redenoticia.com.br\/noticia\/wp-json\/wp\/v2\/media\/195147"}],"wp:attachment":[{"href":"https:\/\/migracao.redenoticia.com.br\/noticia\/wp-json\/wp\/v2\/media?parent=196114"}],"wp:term":[{"taxonomy":"category","embeddable":true,"href":"https:\/\/migracao.redenoticia.com.br\/noticia\/wp-json\/wp\/v2\/categories?post=196114"},{"taxonomy":"post_tag","embeddable":true,"href":"https:\/\/migracao.redenoticia.com.br\/noticia\/wp-json\/wp\/v2\/tags?post=196114"}],"curies":[{"name":"wp","href":"https:\/\/api.w.org\/{rel}","templated":true}]}}