{"id":196143,"date":"2020-07-29T12:13:40","date_gmt":"2020-07-29T15:13:40","guid":{"rendered":"https:\/\/www.redenoticia.com.br\/noticia\/?p=196143"},"modified":"2020-07-29T12:13:40","modified_gmt":"2020-07-29T15:13:40","slug":"resumo-novela-betty-a-feia-em-nova-york-30-07-armando-impede-que-ricardo-violente-marcela","status":"publish","type":"post","link":"https:\/\/migracao.redenoticia.com.br\/noticia\/2020\/resumo-novela-betty-a-feia-em-nova-york-30-07-armando-impede-que-ricardo-violente-marcela\/196143","title":{"rendered":"Resumo novela \u201cBetty, a Feia em Nova York\u201d 30\/07: Armando impede que Ricardo violente Marcela"},"content":{"rendered":"<p><img loading=\"lazy\" decoding=\"async\" class=\"aligncenter size-full wp-image-187572\" src=\"https:\/\/migracao.redenoticia.com.br\/noticia\/imagens\/betty-feia-ny.jpg\" alt=\"\" width=\"1280\" height=\"720\" srcset=\"https:\/\/migracao.redenoticia.com.br\/noticia\/imagens\/betty-feia-ny.jpg 1280w, https:\/\/migracao.redenoticia.com.br\/noticia\/imagens\/betty-feia-ny-250x140.jpg 250w, https:\/\/migracao.redenoticia.com.br\/noticia\/imagens\/betty-feia-ny-400x225.jpg 400w, https:\/\/migracao.redenoticia.com.br\/noticia\/imagens\/betty-feia-ny-768x432.jpg 768w, https:\/\/migracao.redenoticia.com.br\/noticia\/imagens\/betty-feia-ny-150x85.jpg 150w, https:\/\/migracao.redenoticia.com.br\/noticia\/imagens\/betty-feia-ny-696x392.jpg 696w\" sizes=\"auto, (max-width: 1280px) 100vw, 1280px\" \/><\/p>\n<p><em><strong>Resumo novela \u201cBetty, a Feia em Nova York\u201d 30\/07<\/strong><\/em>: no cap\u00edtulo 135(*) da novela, quinta-feira, 30 de julho, Maria L\u00facia diz a Ricardo que n\u00e3o quer ter mais nada com ele pois descobriu seu relacionamento com Marcela. Ricardo acusa Mal\u00fa de t\u00ea-lo usado para conseguir as a\u00e7\u00f5es da V&#038;M. Ela confirma e diz que planejou tudo para lhe dar uma li\u00e7\u00e3o por sempre se aproveitar das mulheres e por tudo que fez contra Betty. Mal\u00fa comunica a Marcela, Armando, Roberto e Margarita que foi ela quem comprou as a\u00e7\u00f5es de Ricardo. Armando chega a tempo de impedir que seu ex melhor amigo violente Marcela.<\/p>\n<p>(*) edi\u00e7\u00e3o das novelas do SBT, \u201cBetty, a Feia em Nova York\u201d, sujeito a altera\u00e7\u00e3o de data e conte\u00fado.<\/p>\n<p>Sinopse \u201cBetty, a Feia em Nova York\u201d: A historia gira entorno a Betty (Elyfer Torres), uma jovem mexicana inteligente e capaz que vive em Nova York na busca pelos sonhos superando os preju\u00edzos onde a imagem \u00e9 tudo. Depois de seis meses rejeitada e demitida de todos os trabalhos em raz\u00e3o da falta de atrativo f\u00edsico, Betty decide aceitar um trabalho muito abaixo de suas capacidades.Depois de ingressar na empresa V&amp;M Fashion, vira secret\u00e1ria pessoal do presidente da companhia.<\/p>\n<p>Apesar de ser ridicularizada e humilhada pela falta de estilo Betty est\u00e1 mais que disposta a n\u00e3o ser derrotada nesta implac\u00e1vel guerra de apar\u00eancias.Se no lado pessoal Betty \u00e9 exatamente competente e tem grandes planos para o crescimento pessoal, as suas poucas qualidades poder\u00e1 ajudar Betty a encontrar o verdadeiro amor.<\/p>\n","protected":false},"excerpt":{"rendered":"<p>Resumo novela \u201cBetty, a Feia em Nova York\u201d 30\/07: no cap\u00edtulo 135(*) da novela, quinta-feira, 30 de julho, Maria L\u00facia diz a Ricardo que n\u00e3o quer ter mais nada com ele pois descobriu seu relacionamento com Marcela. Ricardo acusa Mal\u00fa de t\u00ea-lo usado para conseguir as a\u00e7\u00f5es da V&#038;M. Ela confirma e diz que planejou [&hellip;]<\/p>\n","protected":false},"author":4,"featured_media":195898,"comment_status":"closed","ping_status":"closed","sticky":false,"template":"","format":"standard","meta":{"tdm_status":"","tdm_grid_status":"","footnotes":""},"categories":[379,372,343],"tags":[441],"class_list":{"0":"post-196143","1":"post","2":"type-post","3":"status-publish","4":"format-standard","5":"has-post-thumbnail","7":"category-novelas","8":"category-sbt","9":"category-televisao","10":"tag-resumo-do-dia"},"_links":{"self":[{"href":"https:\/\/migracao.redenoticia.com.br\/noticia\/wp-json\/wp\/v2\/posts\/196143","targetHints":{"allow":["GET"]}}],"collection":[{"href":"https:\/\/migracao.redenoticia.com.br\/noticia\/wp-json\/wp\/v2\/posts"}],"about":[{"href":"https:\/\/migracao.redenoticia.com.br\/noticia\/wp-json\/wp\/v2\/types\/post"}],"author":[{"embeddable":true,"href":"https:\/\/migracao.redenoticia.com.br\/noticia\/wp-json\/wp\/v2\/users\/4"}],"replies":[{"embeddable":true,"href":"https:\/\/migracao.redenoticia.com.br\/noticia\/wp-json\/wp\/v2\/comments?post=196143"}],"version-history":[{"count":0,"href":"https:\/\/migracao.redenoticia.com.br\/noticia\/wp-json\/wp\/v2\/posts\/196143\/revisions"}],"wp:featuredmedia":[{"embeddable":true,"href":"https:\/\/migracao.redenoticia.com.br\/noticia\/wp-json\/wp\/v2\/media\/195898"}],"wp:attachment":[{"href":"https:\/\/migracao.redenoticia.com.br\/noticia\/wp-json\/wp\/v2\/media?parent=196143"}],"wp:term":[{"taxonomy":"category","embeddable":true,"href":"https:\/\/migracao.redenoticia.com.br\/noticia\/wp-json\/wp\/v2\/categories?post=196143"},{"taxonomy":"post_tag","embeddable":true,"href":"https:\/\/migracao.redenoticia.com.br\/noticia\/wp-json\/wp\/v2\/tags?post=196143"}],"curies":[{"name":"wp","href":"https:\/\/api.w.org\/{rel}","templated":true}]}}