{"id":196150,"date":"2020-07-29T12:16:32","date_gmt":"2020-07-29T15:16:32","guid":{"rendered":"https:\/\/www.redenoticia.com.br\/noticia\/?p=196150"},"modified":"2020-07-29T12:16:32","modified_gmt":"2020-07-29T15:16:32","slug":"resumo-novela-cumplices-de-um-resgate-30-07-teo-e-isabela-dizem-o-quanto-sentem-saudade-um-do-outro","status":"publish","type":"post","link":"https:\/\/migracao.redenoticia.com.br\/noticia\/2020\/resumo-novela-cumplices-de-um-resgate-30-07-teo-e-isabela-dizem-o-quanto-sentem-saudade-um-do-outro\/196150","title":{"rendered":"Resumo novela \u201cC\u00famplices de um Resgate\u201d 30\/07: T\u00e9o e Isabela dizem o quanto sentem saudade um do outro"},"content":{"rendered":"<p><img loading=\"lazy\" decoding=\"async\" class=\"aligncenter size-full wp-image-164525\" src=\"https:\/\/migracao.redenoticia.com.br\/noticia\/imagens\/cumplices-de-um-resgate-002.jpg\" alt=\"\" width=\"620\" height=\"449\" srcset=\"https:\/\/migracao.redenoticia.com.br\/noticia\/imagens\/cumplices-de-um-resgate-002.jpg 620w, https:\/\/migracao.redenoticia.com.br\/noticia\/imagens\/cumplices-de-um-resgate-002-250x181.jpg 250w, https:\/\/migracao.redenoticia.com.br\/noticia\/imagens\/cumplices-de-um-resgate-002-400x290.jpg 400w, https:\/\/migracao.redenoticia.com.br\/noticia\/imagens\/cumplices-de-um-resgate-002-324x235.jpg 324w, https:\/\/migracao.redenoticia.com.br\/noticia\/imagens\/cumplices-de-um-resgate-002-150x109.jpg 150w, https:\/\/migracao.redenoticia.com.br\/noticia\/imagens\/cumplices-de-um-resgate-002-560x406.jpg 560w\" sizes=\"auto, (max-width: 620px) 100vw, 620px\" \/><\/p>\n<p><strong><em>Resumo novela \u201cC\u00famplices de um Resgate\u201d 30\/07<\/em><\/strong>: no cap\u00edtulo 410(*) da novela, quinta-feira, 30 de julho, Arthur vai at\u00e9 a casa de Safira, mas Priscila fica enciumada com a aproxima\u00e7\u00e3o dos dois. Navarro invade a mans\u00e3o para tentar roubar ap\u00f3s fugir da cadeia e assusta Marina. Of\u00e9lio vai atr\u00e1s do criminoso, que foge. Isabela chega ao Vilarejo e \u00e9 bem recebida pela fam\u00edlia. T\u00e9o e Isabela conversam na sorveteria e dizem o quanto sentem saudade um do outro.<\/p>\n<p>O garoto leva Isabela at\u00e9 seu lugar secreto, perto de uma \u00e1rvore em que nunca levou ningu\u00e9m. T\u00e9o diz que a \u00e1rvore \u00e9 m\u00e1gica por guardar os sonhos e realiz\u00e1-los na hora certa. Ot\u00e1vio aprova as fotos de Laura como modelo. Ta\u00edsa e Tomas ficam irritados com a vit\u00f3ria do projeto de Frederico. Erm\u00ednio tenta conquistar Fl\u00e1via. Navarro invade o apartamento dos Vaz e amea\u00e7a Julia.<\/p>\n<p>(*) edi\u00e7\u00e3o das novelas do SBT, \u201cC\u00famplices de um Resgate\u201d, sujeito a altera\u00e7\u00e3o de data e conte\u00fado.<\/p>\n<p>\u201cC\u00famplices de um Resgate\u201d &#8211; Duas irm\u00e3s g\u00eameas univitelinas que foram separadas ap\u00f3s nascimento, se reencontram somente ap\u00f3s doze anos. Manuela, uma das g\u00eameas, \u00e9 doce, meiga, gentil, e muito talentosa para a m\u00fasica e tem uma voz encantadora. Vive uma vida feliz no Vilarejo dos Sonhos, onde mora com sua av\u00f3 Nina, sua tia Helena e sua m\u00e3e Rebeca, que d\u00e1 muito amor e carinho a filha por ela nunca ter tido um pai, e ela \u00e9 a m\u00e3e biol\u00f3gica das duas garotas, mas nunca soube que teve g\u00eameas.<\/p>\n","protected":false},"excerpt":{"rendered":"<p>Resumo novela \u201cC\u00famplices de um Resgate\u201d 30\/07: no cap\u00edtulo 410(*) da novela, quinta-feira, 30 de julho, Arthur vai at\u00e9 a casa de Safira, mas Priscila fica enciumada com a aproxima\u00e7\u00e3o dos dois. Navarro invade a mans\u00e3o para tentar roubar ap\u00f3s fugir da cadeia e assusta Marina. Of\u00e9lio vai atr\u00e1s do criminoso, que foge. Isabela chega [&hellip;]<\/p>\n","protected":false},"author":4,"featured_media":195896,"comment_status":"closed","ping_status":"closed","sticky":false,"template":"","format":"standard","meta":{"tdm_status":"","tdm_grid_status":"","footnotes":""},"categories":[379,372,343],"tags":[441],"class_list":{"0":"post-196150","1":"post","2":"type-post","3":"status-publish","4":"format-standard","5":"has-post-thumbnail","7":"category-novelas","8":"category-sbt","9":"category-televisao","10":"tag-resumo-do-dia"},"_links":{"self":[{"href":"https:\/\/migracao.redenoticia.com.br\/noticia\/wp-json\/wp\/v2\/posts\/196150","targetHints":{"allow":["GET"]}}],"collection":[{"href":"https:\/\/migracao.redenoticia.com.br\/noticia\/wp-json\/wp\/v2\/posts"}],"about":[{"href":"https:\/\/migracao.redenoticia.com.br\/noticia\/wp-json\/wp\/v2\/types\/post"}],"author":[{"embeddable":true,"href":"https:\/\/migracao.redenoticia.com.br\/noticia\/wp-json\/wp\/v2\/users\/4"}],"replies":[{"embeddable":true,"href":"https:\/\/migracao.redenoticia.com.br\/noticia\/wp-json\/wp\/v2\/comments?post=196150"}],"version-history":[{"count":0,"href":"https:\/\/migracao.redenoticia.com.br\/noticia\/wp-json\/wp\/v2\/posts\/196150\/revisions"}],"wp:featuredmedia":[{"embeddable":true,"href":"https:\/\/migracao.redenoticia.com.br\/noticia\/wp-json\/wp\/v2\/media\/195896"}],"wp:attachment":[{"href":"https:\/\/migracao.redenoticia.com.br\/noticia\/wp-json\/wp\/v2\/media?parent=196150"}],"wp:term":[{"taxonomy":"category","embeddable":true,"href":"https:\/\/migracao.redenoticia.com.br\/noticia\/wp-json\/wp\/v2\/categories?post=196150"},{"taxonomy":"post_tag","embeddable":true,"href":"https:\/\/migracao.redenoticia.com.br\/noticia\/wp-json\/wp\/v2\/tags?post=196150"}],"curies":[{"name":"wp","href":"https:\/\/api.w.org\/{rel}","templated":true}]}}