{"id":196156,"date":"2020-07-29T12:48:01","date_gmt":"2020-07-29T15:48:01","guid":{"rendered":"https:\/\/www.redenoticia.com.br\/noticia\/?p=196156"},"modified":"2020-07-29T12:48:01","modified_gmt":"2020-07-29T15:48:01","slug":"resumo-novela-novo-mundo-30-07-thomas-e-joaquim-duelam","status":"publish","type":"post","link":"https:\/\/migracao.redenoticia.com.br\/noticia\/2020\/resumo-novela-novo-mundo-30-07-thomas-e-joaquim-duelam\/196156","title":{"rendered":"Resumo novela \u201cNovo Mundo\u201d 30\/07: Thomas e Joaquim duelam"},"content":{"rendered":"<p><img loading=\"lazy\" decoding=\"async\" class=\"aligncenter size-full wp-image-190256\" src=\"https:\/\/migracao.redenoticia.com.br\/noticia\/imagens\/novo-mundo-reprise-globo.jpg\" alt=\"\" width=\"600\" height=\"600\" srcset=\"https:\/\/migracao.redenoticia.com.br\/noticia\/imagens\/novo-mundo-reprise-globo.jpg 600w, https:\/\/migracao.redenoticia.com.br\/noticia\/imagens\/novo-mundo-reprise-globo-187x187.jpg 187w, https:\/\/migracao.redenoticia.com.br\/noticia\/imagens\/novo-mundo-reprise-globo-300x300.jpg 300w, https:\/\/migracao.redenoticia.com.br\/noticia\/imagens\/novo-mundo-reprise-globo-150x150.jpg 150w, https:\/\/migracao.redenoticia.com.br\/noticia\/imagens\/novo-mundo-reprise-globo-140x140.jpg 140w, https:\/\/migracao.redenoticia.com.br\/noticia\/imagens\/novo-mundo-reprise-globo-85x85.jpg 85w\" sizes=\"auto, (max-width: 600px) 100vw, 600px\" \/><\/p>\n<p><em><strong>Resumo novela \u201cNovo Mundo\u201d 30\/07<\/strong><\/em>: no cap\u00edtulo 105(*) da novela, quinta-feira, 30 de julho, Joaquim se desespera e Dom Pedro o consola. Olinto \u00e9 preso pelos jagun\u00e7os. Ferdinando e Greta voltam para casa, e a austr\u00edaca provoca Diara. Am\u00e1lia sonha que seu beb\u00ea morreu e Peter fica intrigado. Licurgo e Germana saem para votar. Anna fica satisfeita ao saber que Miss Liu fugiu com Fred. Joaquim segue Thomas. Germana \u00e9 impedida de entrar no local da vota\u00e7\u00e3o e pede ajuda a Leopoldina.<\/p>\n<p>Sebasti\u00e3o volta para a cidade e descobre o casamento de Cec\u00edlia. Thomas vai \u00e0 casa de Domitila e Joaquim o espera ao lado de fora. Matias n\u00e3o deixa Idalina ser castigada por Sebasti\u00e3o. Ubirajara v\u00ea Olinto preso. Licurgo e Gon\u00e7alves Ledo vencem a elei\u00e7\u00e3o para deputado. Hassan e Jacinto temem ser enganados por Elvira. Thomas e Joaquim duelam.<\/p>\n<p>(*) edi\u00e7\u00e3o das novelas da Globo, \u201cNovo Mundo\u201d, sujeito a altera\u00e7\u00e3o de data e conte\u00fado.<\/p>\n<p>Sinopse \u201cNovo Mundo\u201d: Em 1817 Anna Millman (Isabelle Drummond) \u00e9 uma inglesa que \u00e9 professora de portugu\u00eas que se envolve com o ator luso-brasileiro Joaquim Martinho (Chay Suede). Os dois se conhecem na Europa, mas v\u00eam ao pa\u00eds por causa da uni\u00e3o da futura imperatriz do Brasil com Dom Pedro (Caio Castro). Seus destinos se cruzam ao se encontrarem a bordo do navio que traz a princesa Maria Leopoldina de \u00c1ustria (Let\u00edcia Colin) para o Brasil, j\u00e1 que havia se casado com Dom Pedro por meio de uma procura\u00e7\u00e3o. Os dois iniciam um romance durante a viagem ao Novo Mundo.<\/p>\n","protected":false},"excerpt":{"rendered":"<p>Resumo novela \u201cNovo Mundo\u201d 30\/07: no cap\u00edtulo 105(*) da novela, quinta-feira, 30 de julho, Joaquim se desespera e Dom Pedro o consola. Olinto \u00e9 preso pelos jagun\u00e7os. Ferdinando e Greta voltam para casa, e a austr\u00edaca provoca Diara. Am\u00e1lia sonha que seu beb\u00ea morreu e Peter fica intrigado. Licurgo e Germana saem para votar. Anna [&hellip;]<\/p>\n","protected":false},"author":4,"featured_media":195131,"comment_status":"closed","ping_status":"closed","sticky":false,"template":"","format":"standard","meta":{"tdm_status":"","tdm_grid_status":"","footnotes":""},"categories":[379,557,375,343],"tags":[441],"class_list":{"0":"post-196156","1":"post","2":"type-post","3":"status-publish","4":"format-standard","5":"has-post-thumbnail","7":"category-novelas","8":"category-novo-mundo","9":"category-rede-globo","10":"category-televisao","11":"tag-resumo-do-dia"},"_links":{"self":[{"href":"https:\/\/migracao.redenoticia.com.br\/noticia\/wp-json\/wp\/v2\/posts\/196156","targetHints":{"allow":["GET"]}}],"collection":[{"href":"https:\/\/migracao.redenoticia.com.br\/noticia\/wp-json\/wp\/v2\/posts"}],"about":[{"href":"https:\/\/migracao.redenoticia.com.br\/noticia\/wp-json\/wp\/v2\/types\/post"}],"author":[{"embeddable":true,"href":"https:\/\/migracao.redenoticia.com.br\/noticia\/wp-json\/wp\/v2\/users\/4"}],"replies":[{"embeddable":true,"href":"https:\/\/migracao.redenoticia.com.br\/noticia\/wp-json\/wp\/v2\/comments?post=196156"}],"version-history":[{"count":0,"href":"https:\/\/migracao.redenoticia.com.br\/noticia\/wp-json\/wp\/v2\/posts\/196156\/revisions"}],"wp:featuredmedia":[{"embeddable":true,"href":"https:\/\/migracao.redenoticia.com.br\/noticia\/wp-json\/wp\/v2\/media\/195131"}],"wp:attachment":[{"href":"https:\/\/migracao.redenoticia.com.br\/noticia\/wp-json\/wp\/v2\/media?parent=196156"}],"wp:term":[{"taxonomy":"category","embeddable":true,"href":"https:\/\/migracao.redenoticia.com.br\/noticia\/wp-json\/wp\/v2\/categories?post=196156"},{"taxonomy":"post_tag","embeddable":true,"href":"https:\/\/migracao.redenoticia.com.br\/noticia\/wp-json\/wp\/v2\/tags?post=196156"}],"curies":[{"name":"wp","href":"https:\/\/api.w.org\/{rel}","templated":true}]}}