{"id":196184,"date":"2020-07-30T13:01:07","date_gmt":"2020-07-30T16:01:07","guid":{"rendered":"https:\/\/www.redenoticia.com.br\/noticia\/?p=196184"},"modified":"2020-07-30T13:01:07","modified_gmt":"2020-07-30T16:01:07","slug":"resumo-novela-cumplices-de-um-resgate-31-07-isabela-troca-de-lugar-com-manuela-novamente","status":"publish","type":"post","link":"https:\/\/migracao.redenoticia.com.br\/noticia\/2020\/resumo-novela-cumplices-de-um-resgate-31-07-isabela-troca-de-lugar-com-manuela-novamente\/196184","title":{"rendered":"Resumo novela \u201cC\u00famplices de um Resgate\u201d 31\/07: Isabela troca de lugar com Manuela novamente"},"content":{"rendered":"<p><img loading=\"lazy\" decoding=\"async\" class=\"aligncenter size-full wp-image-164525\" src=\"https:\/\/migracao.redenoticia.com.br\/noticia\/imagens\/cumplices-de-um-resgate-002.jpg\" alt=\"\" width=\"620\" height=\"449\" srcset=\"https:\/\/migracao.redenoticia.com.br\/noticia\/imagens\/cumplices-de-um-resgate-002.jpg 620w, https:\/\/migracao.redenoticia.com.br\/noticia\/imagens\/cumplices-de-um-resgate-002-250x181.jpg 250w, https:\/\/migracao.redenoticia.com.br\/noticia\/imagens\/cumplices-de-um-resgate-002-400x290.jpg 400w, https:\/\/migracao.redenoticia.com.br\/noticia\/imagens\/cumplices-de-um-resgate-002-324x235.jpg 324w, https:\/\/migracao.redenoticia.com.br\/noticia\/imagens\/cumplices-de-um-resgate-002-150x109.jpg 150w, https:\/\/migracao.redenoticia.com.br\/noticia\/imagens\/cumplices-de-um-resgate-002-560x406.jpg 560w\" sizes=\"auto, (max-width: 620px) 100vw, 620px\" \/><\/p>\n<p><strong><em>Resumo novela \u201cC\u00famplices de um Resgate\u201d 31\/07<\/em><\/strong>: no cap\u00edtulo 411(*) da novela, sexta-feira, 31 de julho, Isabela troca de lugar com Manuela para fazer a prova de matem\u00e1tica. Enquanto isso, Rebeca e Nina estranham o comportamento de Isabela, que na verdade \u00e9 Manuela. Isabela volta para casa e chama a irm\u00e3 para conversar no quarto.<\/p>\n<p>A m\u00e3e de Omar n\u00e3o passa bem. Rebeca entra no quarto e, para surpresa das g\u00eameas, questiona porque elas trocaram de lugar. Rebeca castiga Isabela e diz que Manuela ter\u00e1 que fazer a prova novamente. Sandro sai da cadeia, pois pagaram sua fian\u00e7a. O homem fica emocionado ao saber que foi Laura.<\/p>\n<p>(*) edi\u00e7\u00e3o das novelas do SBT, \u201cC\u00famplices de um Resgate\u201d, sujeito a altera\u00e7\u00e3o de data e conte\u00fado.<\/p>\n<p>\u201cC\u00famplices de um Resgate\u201d &#8211; Duas irm\u00e3s g\u00eameas univitelinas que foram separadas ap\u00f3s nascimento, se reencontram somente ap\u00f3s doze anos. Manuela, uma das g\u00eameas, \u00e9 doce, meiga, gentil, e muito talentosa para a m\u00fasica e tem uma voz encantadora. Vive uma vida feliz no Vilarejo dos Sonhos, onde mora com sua av\u00f3 Nina, sua tia Helena e sua m\u00e3e Rebeca, que d\u00e1 muito amor e carinho a filha por ela nunca ter tido um pai, e ela \u00e9 a m\u00e3e biol\u00f3gica das duas garotas, mas nunca soube que teve g\u00eameas.<\/p>\n","protected":false},"excerpt":{"rendered":"<p>Resumo novela \u201cC\u00famplices de um Resgate\u201d 31\/07: no cap\u00edtulo 411(*) da novela, sexta-feira, 31 de julho, Isabela troca de lugar com Manuela para fazer a prova de matem\u00e1tica. Enquanto isso, Rebeca e Nina estranham o comportamento de Isabela, que na verdade \u00e9 Manuela. Isabela volta para casa e chama a irm\u00e3 para conversar no quarto. [&hellip;]<\/p>\n","protected":false},"author":4,"featured_media":195896,"comment_status":"closed","ping_status":"closed","sticky":false,"template":"","format":"standard","meta":{"tdm_status":"","tdm_grid_status":"","footnotes":""},"categories":[379,372,343],"tags":[441],"class_list":{"0":"post-196184","1":"post","2":"type-post","3":"status-publish","4":"format-standard","5":"has-post-thumbnail","7":"category-novelas","8":"category-sbt","9":"category-televisao","10":"tag-resumo-do-dia"},"_links":{"self":[{"href":"https:\/\/migracao.redenoticia.com.br\/noticia\/wp-json\/wp\/v2\/posts\/196184","targetHints":{"allow":["GET"]}}],"collection":[{"href":"https:\/\/migracao.redenoticia.com.br\/noticia\/wp-json\/wp\/v2\/posts"}],"about":[{"href":"https:\/\/migracao.redenoticia.com.br\/noticia\/wp-json\/wp\/v2\/types\/post"}],"author":[{"embeddable":true,"href":"https:\/\/migracao.redenoticia.com.br\/noticia\/wp-json\/wp\/v2\/users\/4"}],"replies":[{"embeddable":true,"href":"https:\/\/migracao.redenoticia.com.br\/noticia\/wp-json\/wp\/v2\/comments?post=196184"}],"version-history":[{"count":0,"href":"https:\/\/migracao.redenoticia.com.br\/noticia\/wp-json\/wp\/v2\/posts\/196184\/revisions"}],"wp:featuredmedia":[{"embeddable":true,"href":"https:\/\/migracao.redenoticia.com.br\/noticia\/wp-json\/wp\/v2\/media\/195896"}],"wp:attachment":[{"href":"https:\/\/migracao.redenoticia.com.br\/noticia\/wp-json\/wp\/v2\/media?parent=196184"}],"wp:term":[{"taxonomy":"category","embeddable":true,"href":"https:\/\/migracao.redenoticia.com.br\/noticia\/wp-json\/wp\/v2\/categories?post=196184"},{"taxonomy":"post_tag","embeddable":true,"href":"https:\/\/migracao.redenoticia.com.br\/noticia\/wp-json\/wp\/v2\/tags?post=196184"}],"curies":[{"name":"wp","href":"https:\/\/api.w.org\/{rel}","templated":true}]}}