{"id":196263,"date":"2020-08-04T20:26:59","date_gmt":"2020-08-04T23:26:59","guid":{"rendered":"https:\/\/www.redenoticia.com.br\/noticia\/?p=196263"},"modified":"2020-08-04T20:26:58","modified_gmt":"2020-08-04T23:26:58","slug":"segunda-chamada-publica-do-programa-lab-procel","status":"publish","type":"post","link":"https:\/\/migracao.redenoticia.com.br\/noticia\/2020\/segunda-chamada-publica-do-programa-lab-procel\/196263","title":{"rendered":"Segunda Chamada P\u00fablica do Programa Lab Procel"},"content":{"rendered":"<p><img loading=\"lazy\" decoding=\"async\" src=\"https:\/\/migracao.redenoticia.com.br\/noticia\/imagens\/tecnologia-trabalho-grafico-indice.jpg\" alt=\"\" width=\"1280\" height=\"720\" class=\"aligncenter size-full wp-image-196233\" srcset=\"https:\/\/migracao.redenoticia.com.br\/noticia\/imagens\/tecnologia-trabalho-grafico-indice.jpg 1280w, https:\/\/migracao.redenoticia.com.br\/noticia\/imagens\/tecnologia-trabalho-grafico-indice-250x140.jpg 250w, https:\/\/migracao.redenoticia.com.br\/noticia\/imagens\/tecnologia-trabalho-grafico-indice-400x225.jpg 400w, https:\/\/migracao.redenoticia.com.br\/noticia\/imagens\/tecnologia-trabalho-grafico-indice-768x432.jpg 768w, https:\/\/migracao.redenoticia.com.br\/noticia\/imagens\/tecnologia-trabalho-grafico-indice-150x85.jpg 150w\" sizes=\"auto, (max-width: 1280px) 100vw, 1280px\" \/><\/p>\n<p>A Eletrobras, por meio do Programa Nacional de Conserva\u00e7\u00e3o de Energia El\u00e9trica (<strong><em>Procel<\/em><\/strong>), em parceria com a Firjan Senai, publicou o edital da segunda Chamada P\u00fablica do Programa Lab Procel. Para essa fase do programa, ser\u00e3o disponibilizados R$ 3 milh\u00f5es para a capta\u00e7\u00e3o de projetos e acelera\u00e7\u00e3o de solu\u00e7\u00f5es inovadoras em efici\u00eancia energ\u00e9tica com aplica\u00e7\u00e3o nos setores residencial, comercial, industrial, de servi\u00e7os e setor p\u00fablico. Podem participar da sele\u00e7\u00e3o startups, micro e pequenas empresas inovadoras de base tecnol\u00f3gica.<\/p>\n<p>Para apresentar o edital, esclarecer d\u00favidas e auxiliar no preenchimento da documenta\u00e7\u00e3o, ser\u00e3o realizados dois webinars. O primeiro webinar ser\u00e1 realizado na pr\u00f3xima segunda-feira (03\/08), \u00e0s 11h00. J\u00e1 o segundo, ser\u00e1 realizado no dia 10, no mesmo hor\u00e1rio. As transmiss\u00f5es ser\u00e3o ao vivo no canal da Firjan no Youtube .<\/p>\n<p>As inscri\u00e7\u00f5es ser\u00e3o abertas na data de lan\u00e7amento do edital e devem ser realizadas at\u00e9 \u00e0s 19h (hor\u00e1rio de Bras\u00edlia) do dia 23 de agosto.<\/p>\n<p>Na primeira fase, os inscritos passar\u00e3o por uma sele\u00e7\u00e3o online. Devido \u00e0s restri\u00e7\u00f5es impostas pelo isolamento social, por conta da pandemia do novo coronav\u00edrus, os escolhidos para a segunda etapa apresentar\u00e3o virtualmente seus projetos para uma banca de especialistas. Ao fim do processo da segunda chamada, no m\u00ednimo quatro propostas ser\u00e3o aceleradas pelo Programa Lab Procel, instalado nos laborat\u00f3rios da Firjan Senai, no Rio de Janeiro.<\/p>\n<p>O edital, inscri\u00e7\u00f5es, informa\u00e7\u00f5es adicionais e os links para os webinars estar\u00e3o dispon\u00edveis, a partir do dia 31, na p\u00e1gina do Programa Lab Procel .<\/p>\n<p>Programa Lab Procel<\/p>\n<p>A partir de uma s\u00e9rie de quatro Chamadas P\u00fablicas, o Programa Lab Procel foi lan\u00e7ado em abril de 2020 e objetiva fomentar oportunidades para o desenvolvimento de projetos de inova\u00e7\u00e3o tecnol\u00f3gica junto a startups, micro e pequenas empresas inovadoras. Por meio de experimentos inovadores estruturados, com \u00eanfase na efici\u00eancia energ\u00e9tica, o Lab Procel disponibiliza solu\u00e7\u00f5es e produtos para a sociedade.<\/p>\n<p>A primeira Chamada P\u00fablica , conclu\u00edda no m\u00eas de junho, recebeu 64 propostas e selecionou cinco projetos com foco em a\u00e7\u00f5es de efici\u00eancia energ\u00e9tica no saneamento ambiental. Essas empresas v\u00e3o dividir R$ 6 milh\u00f5es em recursos do Lab Procel para o processo de acelera\u00e7\u00e3o previsto para ser finalizado em dezembro de 2021.<\/p>\n<p>Al\u00e9m das duas Chamadas P\u00fablicas, o programa Lab Procel ainda vai promover duas maratonas no formato Hackathon, voltadas para o tema da efici\u00eancia energ\u00e9tica.<\/p>\n<p>O Lab Procel \u00e9 uma iniciativa da Eletrobras\/Procel em parceria com a Firjan Senai. Ao longo de 24 meses ser\u00e3o investidos R$ 16,67 milh\u00f5es (R$ 15 milh\u00f5es por parte da Eletrobras e o restante como contrapartida pela Firjan Senai) para a viabiliza\u00e7\u00e3o do \u201cConcurso de Inova\u00e7\u00e3o para Solu\u00e7\u00f5es em Efici\u00eancia Energ\u00e9tica\u201d, projeto aprovado no segundo Plano Anual de Aplica\u00e7\u00e3o de Recursos do Procel (PAR Procel 2018).<\/p>\n","protected":false},"excerpt":{"rendered":"<p>A Eletrobras, por meio do Programa Nacional de Conserva\u00e7\u00e3o de Energia El\u00e9trica (Procel), em parceria com a Firjan Senai, publicou o edital da segunda Chamada P\u00fablica do Programa Lab Procel. Para essa fase do programa, ser\u00e3o disponibilizados R$ 3 milh\u00f5es para a capta\u00e7\u00e3o de projetos e acelera\u00e7\u00e3o de solu\u00e7\u00f5es inovadoras em efici\u00eancia energ\u00e9tica com aplica\u00e7\u00e3o [&hellip;]<\/p>\n","protected":false},"author":2,"featured_media":196229,"comment_status":"closed","ping_status":"closed","sticky":false,"template":"","format":"standard","meta":{"tdm_status":"","tdm_grid_status":"","footnotes":""},"categories":[22,370,353],"tags":[487],"class_list":{"0":"post-196263","1":"post","2":"type-post","3":"status-publish","4":"format-standard","5":"has-post-thumbnail","7":"category-brasil","8":"category-inscricao","9":"category-oportunidades","10":"tag-concurso"},"_links":{"self":[{"href":"https:\/\/migracao.redenoticia.com.br\/noticia\/wp-json\/wp\/v2\/posts\/196263","targetHints":{"allow":["GET"]}}],"collection":[{"href":"https:\/\/migracao.redenoticia.com.br\/noticia\/wp-json\/wp\/v2\/posts"}],"about":[{"href":"https:\/\/migracao.redenoticia.com.br\/noticia\/wp-json\/wp\/v2\/types\/post"}],"author":[{"embeddable":true,"href":"https:\/\/migracao.redenoticia.com.br\/noticia\/wp-json\/wp\/v2\/users\/2"}],"replies":[{"embeddable":true,"href":"https:\/\/migracao.redenoticia.com.br\/noticia\/wp-json\/wp\/v2\/comments?post=196263"}],"version-history":[{"count":0,"href":"https:\/\/migracao.redenoticia.com.br\/noticia\/wp-json\/wp\/v2\/posts\/196263\/revisions"}],"wp:featuredmedia":[{"embeddable":true,"href":"https:\/\/migracao.redenoticia.com.br\/noticia\/wp-json\/wp\/v2\/media\/196229"}],"wp:attachment":[{"href":"https:\/\/migracao.redenoticia.com.br\/noticia\/wp-json\/wp\/v2\/media?parent=196263"}],"wp:term":[{"taxonomy":"category","embeddable":true,"href":"https:\/\/migracao.redenoticia.com.br\/noticia\/wp-json\/wp\/v2\/categories?post=196263"},{"taxonomy":"post_tag","embeddable":true,"href":"https:\/\/migracao.redenoticia.com.br\/noticia\/wp-json\/wp\/v2\/tags?post=196263"}],"curies":[{"name":"wp","href":"https:\/\/api.w.org\/{rel}","templated":true}]}}