{"id":196289,"date":"2020-08-01T18:05:52","date_gmt":"2020-08-01T21:05:52","guid":{"rendered":"https:\/\/www.redenoticia.com.br\/noticia\/?p=196289"},"modified":"2020-08-01T18:05:52","modified_gmt":"2020-08-01T21:05:52","slug":"resumo-novela-eta-mundo-bom-03-08-celso-ameaca-sandra","status":"publish","type":"post","link":"https:\/\/migracao.redenoticia.com.br\/noticia\/2020\/resumo-novela-eta-mundo-bom-03-08-celso-ameaca-sandra\/196289","title":{"rendered":"Resumo novela \u201cEta Mundo Bom\u201d 03\/08: Celso amea\u00e7a Sandra"},"content":{"rendered":"<p> <img loading=\"lazy\" decoding=\"async\" class=\"aligncenter size-full wp-image-192794\" src=\"https:\/\/migracao.redenoticia.com.br\/noticia\/imagens\/eta-mundo-bom-fazenda.jpg\" alt=\"\" width=\"502\" height=\"460\" srcset=\"https:\/\/migracao.redenoticia.com.br\/noticia\/imagens\/eta-mundo-bom-fazenda.jpg 502w, https:\/\/migracao.redenoticia.com.br\/noticia\/imagens\/eta-mundo-bom-fazenda-204x187.jpg 204w, https:\/\/migracao.redenoticia.com.br\/noticia\/imagens\/eta-mundo-bom-fazenda-327x300.jpg 327w, https:\/\/migracao.redenoticia.com.br\/noticia\/imagens\/eta-mundo-bom-fazenda-153x140.jpg 153w, https:\/\/migracao.redenoticia.com.br\/noticia\/imagens\/eta-mundo-bom-fazenda-93x85.jpg 93w\" sizes=\"auto, (max-width: 502px) 100vw, 502px\" \/><\/p>\n<p><strong><em>Resumo novela \u201cEta Mundo Bom\u201d 03\/08<\/em><\/strong>: no cap\u00edtulo 000(*) da novela, segunda-feira, 03 de agosto, Anast\u00e1cia perdoa Celso, e Maria afirma que admira o rapaz. Mafalda e Z\u00e9 dos Porcos se beijam. Ernesto comemora suas posses com Romeu e Romualdo. Romeu visita Olga e conhece Cl\u00e1udio. Severo implora para que Diana o aceite de volta. Diana exige que Severo transfira a casa para seu nome. Ara\u00fajo n\u00e3o gosta de encontrar Romeu em sua casa e repreende Olga. Celso amea\u00e7a Sandra e Ara\u00fajo e exige se apossar de uma parte da f\u00e1brica de Anast\u00e1cia.<\/p>\n<p>Ara\u00fajo convence Sandra a ceder \u00e0s amea\u00e7as de Celso. Cunegundes n\u00e3o gosta de ver Mafalda com Z\u00e9 dos Porcos e pede que Quinzinho afaste o funcion\u00e1rio da fazenda. Severo se surpreende ao encontrar Ilde trabalhando no dancing. Romeu revela a Clarice que Filomena voltou para a fazenda da fam\u00edlia. Candinho lamenta a falta de not\u00edcias de Filomena. Celso pede ajuda a Dantas para enfrentar Sandra e Ara\u00fajo. Braz aconselha Severo a aceitar o pedido de Diana. Celso revela a Anast\u00e1cia que recuperou um ter\u00e7o da f\u00e1brica para a tia.<\/p>\n<p>(*) edi\u00e7\u00e3o das novelas da Globo, \u201cEta Mundo Bom\u201d, sujeito a altera\u00e7\u00e3o de data e conte\u00fado.<\/p>\n<p>&#8220;Eta Mundo Bom&#8221; \u00e9 ambientada em 1948. A trama conta a hist\u00f3ria de Candinho (S\u00e9rgio Guiz\u00e9), que foi separado da m\u00e3e logo ap\u00f3s seu nascimento e foi acolhido pelo casal Cunegundes (Elizabeth Savalla) e Quinzinho (Ary Fontoura), donos da decadente fazenda Dom Pedro II, perto da cidade fict\u00edcia de Piracema, por volta dos anos 20.<\/p>\n","protected":false},"excerpt":{"rendered":"<p>Resumo novela \u201cEta Mundo Bom\u201d 03\/08: no cap\u00edtulo 000(*) da novela, segunda-feira, 03 de agosto, Anast\u00e1cia perdoa Celso, e Maria afirma que admira o rapaz. Mafalda e Z\u00e9 dos Porcos se beijam. Ernesto comemora suas posses com Romeu e Romualdo. Romeu visita Olga e conhece Cl\u00e1udio. Severo implora para que Diana o aceite de volta. [&hellip;]<\/p>\n","protected":false},"author":2,"featured_media":195144,"comment_status":"closed","ping_status":"closed","sticky":false,"template":"","format":"standard","meta":{"tdm_status":"","tdm_grid_status":"","footnotes":""},"categories":[558,379,375,343],"tags":[441],"class_list":{"0":"post-196289","1":"post","2":"type-post","3":"status-publish","4":"format-standard","5":"has-post-thumbnail","7":"category-eta-mundo-bom","8":"category-novelas","9":"category-rede-globo","10":"category-televisao","11":"tag-resumo-do-dia"},"_links":{"self":[{"href":"https:\/\/migracao.redenoticia.com.br\/noticia\/wp-json\/wp\/v2\/posts\/196289","targetHints":{"allow":["GET"]}}],"collection":[{"href":"https:\/\/migracao.redenoticia.com.br\/noticia\/wp-json\/wp\/v2\/posts"}],"about":[{"href":"https:\/\/migracao.redenoticia.com.br\/noticia\/wp-json\/wp\/v2\/types\/post"}],"author":[{"embeddable":true,"href":"https:\/\/migracao.redenoticia.com.br\/noticia\/wp-json\/wp\/v2\/users\/2"}],"replies":[{"embeddable":true,"href":"https:\/\/migracao.redenoticia.com.br\/noticia\/wp-json\/wp\/v2\/comments?post=196289"}],"version-history":[{"count":0,"href":"https:\/\/migracao.redenoticia.com.br\/noticia\/wp-json\/wp\/v2\/posts\/196289\/revisions"}],"wp:featuredmedia":[{"embeddable":true,"href":"https:\/\/migracao.redenoticia.com.br\/noticia\/wp-json\/wp\/v2\/media\/195144"}],"wp:attachment":[{"href":"https:\/\/migracao.redenoticia.com.br\/noticia\/wp-json\/wp\/v2\/media?parent=196289"}],"wp:term":[{"taxonomy":"category","embeddable":true,"href":"https:\/\/migracao.redenoticia.com.br\/noticia\/wp-json\/wp\/v2\/categories?post=196289"},{"taxonomy":"post_tag","embeddable":true,"href":"https:\/\/migracao.redenoticia.com.br\/noticia\/wp-json\/wp\/v2\/tags?post=196289"}],"curies":[{"name":"wp","href":"https:\/\/api.w.org\/{rel}","templated":true}]}}