{"id":196357,"date":"2020-08-04T12:11:58","date_gmt":"2020-08-04T15:11:58","guid":{"rendered":"https:\/\/www.redenoticia.com.br\/noticia\/?p=196357"},"modified":"2020-08-04T12:11:58","modified_gmt":"2020-08-04T15:11:58","slug":"resumo-novela-o-que-a-vida-me-roubou-05-08-doutor-recomenda-que-desliguem-os-aparelhos-de-alessandro","status":"publish","type":"post","link":"https:\/\/migracao.redenoticia.com.br\/noticia\/2020\/resumo-novela-o-que-a-vida-me-roubou-05-08-doutor-recomenda-que-desliguem-os-aparelhos-de-alessandro\/196357","title":{"rendered":"Resumo novela \u201cO Que A Vida Me Roubou\u201d 05\/08: Doutor recomenda que desliguem os aparelhos de Alessandro"},"content":{"rendered":"<p><img loading=\"lazy\" decoding=\"async\" class=\"aligncenter size-full wp-image-191122\" src=\"https:\/\/migracao.redenoticia.com.br\/noticia\/imagens\/o-que-a-vida-me-roubou-elenco.jpg\" alt=\"\" width=\"693\" height=\"576\" srcset=\"https:\/\/migracao.redenoticia.com.br\/noticia\/imagens\/o-que-a-vida-me-roubou-elenco.jpg 693w, https:\/\/migracao.redenoticia.com.br\/noticia\/imagens\/o-que-a-vida-me-roubou-elenco-225x187.jpg 225w, https:\/\/migracao.redenoticia.com.br\/noticia\/imagens\/o-que-a-vida-me-roubou-elenco-361x300.jpg 361w, https:\/\/migracao.redenoticia.com.br\/noticia\/imagens\/o-que-a-vida-me-roubou-elenco-168x140.jpg 168w, https:\/\/migracao.redenoticia.com.br\/noticia\/imagens\/o-que-a-vida-me-roubou-elenco-102x85.jpg 102w\" sizes=\"auto, (max-width: 693px) 100vw, 693px\" \/><\/p>\n<p><strong><em>Resumo da novela \u201cO Que A Vida Me Roubou\u201d<\/em><\/strong> em 05\/08: no cap\u00edtulo 078(*) da novela, quarta-feira, 05 de agosto, Pedro e Adolfo entram no escrit\u00f3rio de Ezequiel na prefeitura municipal. Pedro exige que Ezequiel escolha bem sua gente, pois a marinha esteve a ponto de descobri-los de novo. Por sorte eles perceberam a tempo e conseguiram resgatar a mercadoria sem serem notados. Montserrat diz a Ros\u00e1rio que ela n\u00e3o deveria ter ficado calada a respeito de Jos\u00e9 Lu\u00eds. Ros\u00e1rio pede perd\u00e3o, mas diz que n\u00e3o deseja que este homem volte pra sua vida. Victor e N\u00e1dia v\u00e3o visitar Alessandro no hospital. N\u00e1dia, ao lado de Alessandro, pede perd\u00e3o por n\u00e3o ter avisado ningu\u00e9m que ele estava em coma. Montserrat vai atr\u00e1s de Jos\u00e9 Lu\u00eds para pedir perd\u00e3o por ter sido injusta com ele. Jos\u00e9 Lu\u00eds a abra\u00e7a para consol\u00e1-la. Montserrat v\u00ea Esmeralda e lhe conta que Jos\u00e9 Lu\u00eds a convidou para sair.<\/p>\n<p>Esmeralda se emociona e lhe diz que Ang\u00e9lica e Alessandro estariam felizes de v\u00ea-los juntos. Victor diz a N\u00e1dia que o doutor recomendou que eles desliguem os aparelhos de Alessandro, pois ele n\u00e3o responde bem ao tratamento e a interna\u00e7\u00e3o hospitalar est\u00e1 gerando altos custos. N\u00e1dia diz a Victor que Martin, pai de Santiago, a convidou para ir a um concerto e a pagar\u00e1 muito bem. Victor a diz que \u00e9 melhor n\u00e3o ir, pois poderiam reconhec\u00ea-la. Jos\u00e9 Lu\u00eds, Montserrat, Renato e Esmeralda chegam ao restaurante. Jos\u00e9 Lu\u00eds e Montserrat comentam que as mulheres gr\u00e1vidas ficam muito belas. Esmeralda agradece e pergunta a opini\u00e3o de Renato, que nem est\u00e1 prestando aten\u00e7\u00e3o na conversa, j\u00e1 que n\u00e3o para de pensar em M\u00f4nica.<\/p>\n<p>(*) edi\u00e7\u00e3o das novelas do SBT, \u201cO Que A Vida Me Roubou\u201d, sujeito a altera\u00e7\u00e3o de data e conte\u00fado.<\/p>\n<p>Novela \u201cO Que A Vida Me Roubou\u201d: A hist\u00f3ria se passa em \u00c1gua Azul, onde Montserrat vive. Montserrat \u00e9 uma bela jovem socialite que sempre foi dominada por sua m\u00e3e Graziela, cuja \u00fanica preocupa\u00e7\u00e3o \u00e9 o seu elevado estatuto na sociedade, mesmo que a fam\u00edlia esteja financeiramente arruinada. Montserrat, apesar de fazer tudo o que sua m\u00e3e diz-lhe, secretamente mant\u00e9m um relacionamento com Jos\u00e9 Luis da marinha, com quem planeja se casar.<\/p>\n","protected":false},"excerpt":{"rendered":"<p>Resumo da novela \u201cO Que A Vida Me Roubou\u201d em 05\/08: no cap\u00edtulo 078(*) da novela, quarta-feira, 05 de agosto, Pedro e Adolfo entram no escrit\u00f3rio de Ezequiel na prefeitura municipal. Pedro exige que Ezequiel escolha bem sua gente, pois a marinha esteve a ponto de descobri-los de novo. Por sorte eles perceberam a tempo [&hellip;]<\/p>\n","protected":false},"author":4,"featured_media":195879,"comment_status":"closed","ping_status":"closed","sticky":false,"template":"","format":"standard","meta":{"tdm_status":"","tdm_grid_status":"","footnotes":""},"categories":[379,372,343],"tags":[441],"class_list":{"0":"post-196357","1":"post","2":"type-post","3":"status-publish","4":"format-standard","5":"has-post-thumbnail","7":"category-novelas","8":"category-sbt","9":"category-televisao","10":"tag-resumo-do-dia"},"_links":{"self":[{"href":"https:\/\/migracao.redenoticia.com.br\/noticia\/wp-json\/wp\/v2\/posts\/196357","targetHints":{"allow":["GET"]}}],"collection":[{"href":"https:\/\/migracao.redenoticia.com.br\/noticia\/wp-json\/wp\/v2\/posts"}],"about":[{"href":"https:\/\/migracao.redenoticia.com.br\/noticia\/wp-json\/wp\/v2\/types\/post"}],"author":[{"embeddable":true,"href":"https:\/\/migracao.redenoticia.com.br\/noticia\/wp-json\/wp\/v2\/users\/4"}],"replies":[{"embeddable":true,"href":"https:\/\/migracao.redenoticia.com.br\/noticia\/wp-json\/wp\/v2\/comments?post=196357"}],"version-history":[{"count":0,"href":"https:\/\/migracao.redenoticia.com.br\/noticia\/wp-json\/wp\/v2\/posts\/196357\/revisions"}],"wp:featuredmedia":[{"embeddable":true,"href":"https:\/\/migracao.redenoticia.com.br\/noticia\/wp-json\/wp\/v2\/media\/195879"}],"wp:attachment":[{"href":"https:\/\/migracao.redenoticia.com.br\/noticia\/wp-json\/wp\/v2\/media?parent=196357"}],"wp:term":[{"taxonomy":"category","embeddable":true,"href":"https:\/\/migracao.redenoticia.com.br\/noticia\/wp-json\/wp\/v2\/categories?post=196357"},{"taxonomy":"post_tag","embeddable":true,"href":"https:\/\/migracao.redenoticia.com.br\/noticia\/wp-json\/wp\/v2\/tags?post=196357"}],"curies":[{"name":"wp","href":"https:\/\/api.w.org\/{rel}","templated":true}]}}