{"id":196360,"date":"2020-08-04T12:13:26","date_gmt":"2020-08-04T15:13:26","guid":{"rendered":"https:\/\/www.redenoticia.com.br\/noticia\/?p=196360"},"modified":"2020-08-04T12:13:26","modified_gmt":"2020-08-04T15:13:26","slug":"resumo-novela-chiquititas-05-08-as-criancas-vao-a-loja-do-cafe-boutique","status":"publish","type":"post","link":"https:\/\/migracao.redenoticia.com.br\/noticia\/2020\/resumo-novela-chiquititas-05-08-as-criancas-vao-a-loja-do-cafe-boutique\/196360","title":{"rendered":"Resumo novela \u201cChiquititas\u201d 05\/08: As crian\u00e7as v\u00e3o \u00e0 loja do Caf\u00e9 Boutique"},"content":{"rendered":"<p><img loading=\"lazy\" decoding=\"async\" class=\"aligncenter size-full wp-image-148666\" src=\"https:\/\/migracao.redenoticia.com.br\/noticia\/imagens\/chiquititas-1.jpg\" alt=\"\" width=\"600\" height=\"450\" srcset=\"https:\/\/migracao.redenoticia.com.br\/noticia\/imagens\/chiquititas-1.jpg 600w, https:\/\/migracao.redenoticia.com.br\/noticia\/imagens\/chiquititas-1-250x187.jpg 250w, https:\/\/migracao.redenoticia.com.br\/noticia\/imagens\/chiquititas-1-400x300.jpg 400w, https:\/\/migracao.redenoticia.com.br\/noticia\/imagens\/chiquititas-1-150x113.jpg 150w, https:\/\/migracao.redenoticia.com.br\/noticia\/imagens\/chiquititas-1-265x198.jpg 265w\" sizes=\"auto, (max-width: 600px) 100vw, 600px\" \/><\/p>\n<p><strong><em>Resumo da novela \u201cChiquititas\u201d<\/em><\/strong> em 05\/08: no cap\u00edtulo 028(*) da novela, quarta-feira, 05 de agosto, Maria Cec\u00edlia espera Tobias, quando Junior e Carol chegam \u00e0 casa da ajudante. A supervisora observa os dois e se esconde para que ningu\u00e9m a veja. Carol agradece Junior pela carona e por ter ajudado nos preparativos para a festa de Mili. Ao se despedir da amada, Junior tenta beij\u00e1-la, mas Tobias atrapalha. O barista diz para Carol que vai assistir um musical com Maria Cec\u00edlia. No orfanato, Chico pergunta aos meninos o que aconteceu com o bolo que sobrou da festa da Mili. Mosca diz que n\u00e3o sabe e que provavelmente foram as ratazanas inteligentes.<\/p>\n<p>Clipe de cena da m\u00fasica \u201cTodo Mundo Chique\u201d. As crian\u00e7as chegam \u00e0 loja do Caf\u00e9 Boutique e s\u00e3o recebidas por Junior. Carol apresenta Clarita, Tobias e Leticia para os \u00f3rf\u00e3os. Enquanto isso, no orfanato, Ernestina e Chico aproveitam para relaxar. No Caf\u00e9 Boutique, Junior d\u00e1 a ideia de levar as crian\u00e7as para conhecerem todo o pr\u00e9dio da loja. Carol agradece Junior por ter proporcionado o passeio para os pequeninos. O rapaz tenta beij\u00e1-la, mas Ana interrompe o casal e chama a ajudante para irem embora. Ao conferir se todas as crian\u00e7as est\u00e3o presentes, Carol nota a aus\u00eancia de Tati. Todos resolvem voltar ao Caf\u00e9 Boutique para procurar a garota. Sem saber que tem uma crian\u00e7a embaixo de sua mesa, Jos\u00e9 Ricardo esbarra em Tati, que solta um grito. O empres\u00e1rio se surpreende com a presen\u00e7a da pequenina em sua sala.<\/p>\n<p>(*) edi\u00e7\u00e3o das novelas do SBT, \u201cChiquititas\u201d, sujeito a altera\u00e7\u00e3o de data e conte\u00fado.<\/p>\n","protected":false},"excerpt":{"rendered":"<p>Resumo da novela \u201cChiquititas\u201d em 05\/08: no cap\u00edtulo 028(*) da novela, quarta-feira, 05 de agosto, Maria Cec\u00edlia espera Tobias, quando Junior e Carol chegam \u00e0 casa da ajudante. A supervisora observa os dois e se esconde para que ningu\u00e9m a veja. Carol agradece Junior pela carona e por ter ajudado nos preparativos para a festa [&hellip;]<\/p>\n","protected":false},"author":4,"featured_media":195897,"comment_status":"closed","ping_status":"closed","sticky":false,"template":"","format":"standard","meta":{"tdm_status":"","tdm_grid_status":"","footnotes":""},"categories":[409,379,372,343],"tags":[441],"class_list":{"0":"post-196360","1":"post","2":"type-post","3":"status-publish","4":"format-standard","5":"has-post-thumbnail","7":"category-chiquititas","8":"category-novelas","9":"category-sbt","10":"category-televisao","11":"tag-resumo-do-dia"},"_links":{"self":[{"href":"https:\/\/migracao.redenoticia.com.br\/noticia\/wp-json\/wp\/v2\/posts\/196360","targetHints":{"allow":["GET"]}}],"collection":[{"href":"https:\/\/migracao.redenoticia.com.br\/noticia\/wp-json\/wp\/v2\/posts"}],"about":[{"href":"https:\/\/migracao.redenoticia.com.br\/noticia\/wp-json\/wp\/v2\/types\/post"}],"author":[{"embeddable":true,"href":"https:\/\/migracao.redenoticia.com.br\/noticia\/wp-json\/wp\/v2\/users\/4"}],"replies":[{"embeddable":true,"href":"https:\/\/migracao.redenoticia.com.br\/noticia\/wp-json\/wp\/v2\/comments?post=196360"}],"version-history":[{"count":0,"href":"https:\/\/migracao.redenoticia.com.br\/noticia\/wp-json\/wp\/v2\/posts\/196360\/revisions"}],"wp:featuredmedia":[{"embeddable":true,"href":"https:\/\/migracao.redenoticia.com.br\/noticia\/wp-json\/wp\/v2\/media\/195897"}],"wp:attachment":[{"href":"https:\/\/migracao.redenoticia.com.br\/noticia\/wp-json\/wp\/v2\/media?parent=196360"}],"wp:term":[{"taxonomy":"category","embeddable":true,"href":"https:\/\/migracao.redenoticia.com.br\/noticia\/wp-json\/wp\/v2\/categories?post=196360"},{"taxonomy":"post_tag","embeddable":true,"href":"https:\/\/migracao.redenoticia.com.br\/noticia\/wp-json\/wp\/v2\/tags?post=196360"}],"curies":[{"name":"wp","href":"https:\/\/api.w.org\/{rel}","templated":true}]}}