{"id":196363,"date":"2020-08-04T12:14:37","date_gmt":"2020-08-04T15:14:37","guid":{"rendered":"https:\/\/www.redenoticia.com.br\/noticia\/?p=196363"},"modified":"2020-08-04T12:14:37","modified_gmt":"2020-08-04T15:14:37","slug":"resumo-novela-cumplices-de-um-resgate-05-08-isabela-contrata-sandro-como-seguranca","status":"publish","type":"post","link":"https:\/\/migracao.redenoticia.com.br\/noticia\/2020\/resumo-novela-cumplices-de-um-resgate-05-08-isabela-contrata-sandro-como-seguranca\/196363","title":{"rendered":"Resumo novela \u201cC\u00famplices de um Resgate\u201d 05\/08: Isabela contrata Sandro como seguran\u00e7a"},"content":{"rendered":"<p><img loading=\"lazy\" decoding=\"async\" class=\"aligncenter size-full wp-image-164525\" src=\"https:\/\/migracao.redenoticia.com.br\/noticia\/imagens\/cumplices-de-um-resgate-002.jpg\" alt=\"\" width=\"620\" height=\"449\" srcset=\"https:\/\/migracao.redenoticia.com.br\/noticia\/imagens\/cumplices-de-um-resgate-002.jpg 620w, https:\/\/migracao.redenoticia.com.br\/noticia\/imagens\/cumplices-de-um-resgate-002-250x181.jpg 250w, https:\/\/migracao.redenoticia.com.br\/noticia\/imagens\/cumplices-de-um-resgate-002-400x290.jpg 400w, https:\/\/migracao.redenoticia.com.br\/noticia\/imagens\/cumplices-de-um-resgate-002-324x235.jpg 324w, https:\/\/migracao.redenoticia.com.br\/noticia\/imagens\/cumplices-de-um-resgate-002-150x109.jpg 150w, https:\/\/migracao.redenoticia.com.br\/noticia\/imagens\/cumplices-de-um-resgate-002-560x406.jpg 560w\" sizes=\"auto, (max-width: 620px) 100vw, 620px\" \/><\/p>\n<p><strong><em>Resumo novela \u201cC\u00famplices de um Resgate\u201d 05\/08<\/em><\/strong>: no cap\u00edtulo 414(*) da novela, quarta-feira, 05 de agosto, Isabela ajuda a confec\u00e7\u00e3o em seu castigo e aponta at\u00e9 mesmo uma costura torta de Berta. Helena e Pedro ensinam Manuela sobre as equa\u00e7\u00f5es para a prova de matem\u00e1tica. Os noivos usam a m\u00fasica como m\u00e9todo. As crian\u00e7as conversam com o prefeito para sugerir melhorias de acessibilidade. Isabela volta para a cidade.<\/p>\n<p>A menina tem um pesadelo com Regina dizendo que n\u00e3o morreu e que ir\u00e1 se vingar. Lurdinha fica com ci\u00fames que Frederico s\u00f3 fala de Laura. Sandro pede para que Isabela o contrate como seu seguran\u00e7a. Isabela aceita.<\/p>\n<p>(*) edi\u00e7\u00e3o das novelas do SBT, \u201cC\u00famplices de um Resgate\u201d, sujeito a altera\u00e7\u00e3o de data e conte\u00fado.<\/p>\n<p>\u201cC\u00famplices de um Resgate\u201d &#8211; Duas irm\u00e3s g\u00eameas univitelinas que foram separadas ap\u00f3s nascimento, se reencontram somente ap\u00f3s doze anos. Manuela, uma das g\u00eameas, \u00e9 doce, meiga, gentil, e muito talentosa para a m\u00fasica e tem uma voz encantadora. Vive uma vida feliz no Vilarejo dos Sonhos, onde mora com sua av\u00f3 Nina, sua tia Helena e sua m\u00e3e Rebeca, que d\u00e1 muito amor e carinho a filha por ela nunca ter tido um pai, e ela \u00e9 a m\u00e3e biol\u00f3gica das duas garotas, mas nunca soube que teve g\u00eameas.<\/p>\n","protected":false},"excerpt":{"rendered":"<p>Resumo novela \u201cC\u00famplices de um Resgate\u201d 05\/08: no cap\u00edtulo 414(*) da novela, quarta-feira, 05 de agosto, Isabela ajuda a confec\u00e7\u00e3o em seu castigo e aponta at\u00e9 mesmo uma costura torta de Berta. Helena e Pedro ensinam Manuela sobre as equa\u00e7\u00f5es para a prova de matem\u00e1tica. Os noivos usam a m\u00fasica como m\u00e9todo. As crian\u00e7as conversam [&hellip;]<\/p>\n","protected":false},"author":4,"featured_media":195896,"comment_status":"closed","ping_status":"closed","sticky":false,"template":"","format":"standard","meta":{"tdm_status":"","tdm_grid_status":"","footnotes":""},"categories":[379,372,343],"tags":[441],"class_list":{"0":"post-196363","1":"post","2":"type-post","3":"status-publish","4":"format-standard","5":"has-post-thumbnail","7":"category-novelas","8":"category-sbt","9":"category-televisao","10":"tag-resumo-do-dia"},"_links":{"self":[{"href":"https:\/\/migracao.redenoticia.com.br\/noticia\/wp-json\/wp\/v2\/posts\/196363","targetHints":{"allow":["GET"]}}],"collection":[{"href":"https:\/\/migracao.redenoticia.com.br\/noticia\/wp-json\/wp\/v2\/posts"}],"about":[{"href":"https:\/\/migracao.redenoticia.com.br\/noticia\/wp-json\/wp\/v2\/types\/post"}],"author":[{"embeddable":true,"href":"https:\/\/migracao.redenoticia.com.br\/noticia\/wp-json\/wp\/v2\/users\/4"}],"replies":[{"embeddable":true,"href":"https:\/\/migracao.redenoticia.com.br\/noticia\/wp-json\/wp\/v2\/comments?post=196363"}],"version-history":[{"count":0,"href":"https:\/\/migracao.redenoticia.com.br\/noticia\/wp-json\/wp\/v2\/posts\/196363\/revisions"}],"wp:featuredmedia":[{"embeddable":true,"href":"https:\/\/migracao.redenoticia.com.br\/noticia\/wp-json\/wp\/v2\/media\/195896"}],"wp:attachment":[{"href":"https:\/\/migracao.redenoticia.com.br\/noticia\/wp-json\/wp\/v2\/media?parent=196363"}],"wp:term":[{"taxonomy":"category","embeddable":true,"href":"https:\/\/migracao.redenoticia.com.br\/noticia\/wp-json\/wp\/v2\/categories?post=196363"},{"taxonomy":"post_tag","embeddable":true,"href":"https:\/\/migracao.redenoticia.com.br\/noticia\/wp-json\/wp\/v2\/tags?post=196363"}],"curies":[{"name":"wp","href":"https:\/\/api.w.org\/{rel}","templated":true}]}}