{"id":196411,"date":"2020-08-05T12:39:33","date_gmt":"2020-08-05T15:39:33","guid":{"rendered":"https:\/\/www.redenoticia.com.br\/noticia\/?p=196411"},"modified":"2020-08-05T19:40:29","modified_gmt":"2020-08-05T22:40:29","slug":"resumo-novela-o-que-a-vida-me-roubou-06-08-jose-luis-beija-montserrat","status":"publish","type":"post","link":"https:\/\/migracao.redenoticia.com.br\/noticia\/2020\/resumo-novela-o-que-a-vida-me-roubou-06-08-jose-luis-beija-montserrat\/196411","title":{"rendered":"Resumo novela \u201cO Que A Vida Me Roubou\u201d 06\/08:  Jos\u00e9 Lu\u00eds beija Montserrat"},"content":{"rendered":"<p><img loading=\"lazy\" decoding=\"async\" class=\"aligncenter size-full wp-image-191122\" src=\"https:\/\/migracao.redenoticia.com.br\/noticia\/imagens\/o-que-a-vida-me-roubou-elenco.jpg\" alt=\"\" width=\"693\" height=\"576\" srcset=\"https:\/\/migracao.redenoticia.com.br\/noticia\/imagens\/o-que-a-vida-me-roubou-elenco.jpg 693w, https:\/\/migracao.redenoticia.com.br\/noticia\/imagens\/o-que-a-vida-me-roubou-elenco-225x187.jpg 225w, https:\/\/migracao.redenoticia.com.br\/noticia\/imagens\/o-que-a-vida-me-roubou-elenco-361x300.jpg 361w, https:\/\/migracao.redenoticia.com.br\/noticia\/imagens\/o-que-a-vida-me-roubou-elenco-168x140.jpg 168w, https:\/\/migracao.redenoticia.com.br\/noticia\/imagens\/o-que-a-vida-me-roubou-elenco-102x85.jpg 102w\" sizes=\"auto, (max-width: 693px) 100vw, 693px\" \/><\/p>\n<p><strong><em>Resumo da novela \u201cO Que A Vida Me Roubou\u201d<\/em><\/strong> em 06\/08: no cap\u00edtulo 079(*) da novela, quinta-feira, 06 de agosto, Josefina assiste ao concerto de N\u00e1dia e depois entra no camarim para cumpriment\u00e1-la por sua apresenta\u00e7\u00e3o. Adolfo vai atr\u00e1s de Ezequiel em sua casa. Ezequiel o recebe, zangado, e pergunta se n\u00e3o poderia esperar at\u00e9 amanh\u00e3 para procur\u00e1-lo. Adolfo diz que tem urg\u00eancia em encontrar Maria. Ezequiel responde que n\u00e3o sabe onde ela se meteu, mas acredita que ela tenha se dado muito mal. Ros\u00e1rio recebe Montserrat e a pergunta onde e com quem esteve. Ela responde que foi jantar com Jos\u00e9 Lu\u00eds, Esmeralda e Renato. Ros\u00e1rio diz que ela n\u00e3o deveria seguir vendo Jos\u00e9, pois n\u00e3o \u00e9 correto. Dem\u00e9trio e M\u00f4nica saem do restaurante b\u00eabados e decidem ir a um hotel. Dem\u00e9trio pergunta a M\u00f4nica se ela est\u00e1 segura do que faz. Ela responde que sim e eles fazem amor. Josefina vai \u00e0 casa de N\u00e1dia e Victor. A pequena Victoria se surpreende ao ver Josefina dormindo e a acorda para perguntar lhe quem \u00e9 e o que faz ali. Josefina lhe diz que \u00e9 sua tia, e que a ama muito. Ambas se abra\u00e7am. Montserrat est\u00e1 na praia e se lembra de alguns momentos vividos com Alessandro e Jos\u00e9 Lu\u00eds. Ela fica muito pensativa, chega Jos\u00e9 Lu\u00eds e a cobre os olhos. Ela d\u00e1 a volta e se surpreende ao v\u00ea-lo.<\/p>\n<p>Montserrat e Jos\u00e9 Lu\u00eds falam do qu\u00e3o felizes foram enquanto viveram com Ang\u00e9lica e Alessandro, mas tamb\u00e9m de tudo que tiveram que passar para poderem estar juntos. Jos\u00e9 Lu\u00eds confessa seu amor a Montserrat e ela o pede um tempo para pensar e superar o ocorrido com Alessandro. Jos\u00e9 Lu\u00eds a beija. Josefina diz a Victor e N\u00e1dia que est\u00e1 tudo ajeitado, pois ela se encarregar\u00e1 de todos os gastos de Alessandro no hospital e que de agora em diante ele contar\u00e1 com todo seu apoio. Graziela vai atr\u00e1s de Montserrat em sua casa, mas s\u00f3 encontra Dem\u00e9trio com Laurinho. O pequeno se emociona e chama Graziela de av\u00f3, mas ela o rejeita, pedindo o que s\u00f3 a chame de Grace. Ros\u00e1rio vai atr\u00e1s de Jos\u00e9 Lu\u00eds para lhe dizer que n\u00e3o permitir\u00e1 que a separe de seu neto, nem sua nora, pois s\u00e3o as \u00fanicas coisas que a restam na vida. Jos\u00e9 Lu\u00eds responde que jamais faria isso, e que ela deve entend\u00ea-lo, pois tamb\u00e9m passou muitos anos na pris\u00e3o.<\/p>\n<p>(*) edi\u00e7\u00e3o das novelas do SBT, \u201cO Que A Vida Me Roubou\u201d, sujeito a altera\u00e7\u00e3o de data e conte\u00fado.<\/p>\n<p>Novela \u201cO Que A Vida Me Roubou\u201d: A hist\u00f3ria se passa em \u00c1gua Azul, onde Montserrat vive. Montserrat \u00e9 uma bela jovem socialite que sempre foi dominada por sua m\u00e3e Graziela, cuja \u00fanica preocupa\u00e7\u00e3o \u00e9 o seu elevado estatuto na sociedade, mesmo que a fam\u00edlia esteja financeiramente arruinada. Montserrat, apesar de fazer tudo o que sua m\u00e3e diz-lhe, secretamente mant\u00e9m um relacionamento com Jos\u00e9 Luis da marinha, com quem planeja se casar.<\/p>\n","protected":false},"excerpt":{"rendered":"<p>Resumo da novela \u201cO Que A Vida Me Roubou\u201d em 06\/08: no cap\u00edtulo 079(*) da novela, quinta-feira, 06 de agosto, Josefina assiste ao concerto de N\u00e1dia e depois entra no camarim para cumpriment\u00e1-la por sua apresenta\u00e7\u00e3o. Adolfo vai atr\u00e1s de Ezequiel em sua casa. Ezequiel o recebe, zangado, e pergunta se n\u00e3o poderia esperar at\u00e9 [&hellip;]<\/p>\n","protected":false},"author":4,"featured_media":195880,"comment_status":"closed","ping_status":"closed","sticky":false,"template":"","format":"standard","meta":{"tdm_status":"","tdm_grid_status":"","footnotes":""},"categories":[379,372,343],"tags":[441],"class_list":{"0":"post-196411","1":"post","2":"type-post","3":"status-publish","4":"format-standard","5":"has-post-thumbnail","7":"category-novelas","8":"category-sbt","9":"category-televisao","10":"tag-resumo-do-dia"},"_links":{"self":[{"href":"https:\/\/migracao.redenoticia.com.br\/noticia\/wp-json\/wp\/v2\/posts\/196411","targetHints":{"allow":["GET"]}}],"collection":[{"href":"https:\/\/migracao.redenoticia.com.br\/noticia\/wp-json\/wp\/v2\/posts"}],"about":[{"href":"https:\/\/migracao.redenoticia.com.br\/noticia\/wp-json\/wp\/v2\/types\/post"}],"author":[{"embeddable":true,"href":"https:\/\/migracao.redenoticia.com.br\/noticia\/wp-json\/wp\/v2\/users\/4"}],"replies":[{"embeddable":true,"href":"https:\/\/migracao.redenoticia.com.br\/noticia\/wp-json\/wp\/v2\/comments?post=196411"}],"version-history":[{"count":0,"href":"https:\/\/migracao.redenoticia.com.br\/noticia\/wp-json\/wp\/v2\/posts\/196411\/revisions"}],"wp:featuredmedia":[{"embeddable":true,"href":"https:\/\/migracao.redenoticia.com.br\/noticia\/wp-json\/wp\/v2\/media\/195880"}],"wp:attachment":[{"href":"https:\/\/migracao.redenoticia.com.br\/noticia\/wp-json\/wp\/v2\/media?parent=196411"}],"wp:term":[{"taxonomy":"category","embeddable":true,"href":"https:\/\/migracao.redenoticia.com.br\/noticia\/wp-json\/wp\/v2\/categories?post=196411"},{"taxonomy":"post_tag","embeddable":true,"href":"https:\/\/migracao.redenoticia.com.br\/noticia\/wp-json\/wp\/v2\/tags?post=196411"}],"curies":[{"name":"wp","href":"https:\/\/api.w.org\/{rel}","templated":true}]}}