{"id":196459,"date":"2020-10-05T09:08:29","date_gmt":"2020-10-05T12:08:29","guid":{"rendered":"https:\/\/www.redenoticia.com.br\/noticia\/?p=196459"},"modified":"2020-10-05T09:09:46","modified_gmt":"2020-10-05T12:09:46","slug":"saude-animal-cfmv-alerta-sobre-esporotricose","status":"publish","type":"post","link":"https:\/\/migracao.redenoticia.com.br\/noticia\/2020\/saude-animal-cfmv-alerta-sobre-esporotricose\/196459","title":{"rendered":"Sa\u00fade animal: CFMV alerta sobre esporotricose"},"content":{"rendered":"<p><img loading=\"lazy\" decoding=\"async\" class=\"aligncenter size-full wp-image-196517\" src=\"https:\/\/migracao.redenoticia.com.br\/noticia\/imagens\/pet-gato.jpg\" alt=\"\" width=\"1280\" height=\"720\" srcset=\"https:\/\/migracao.redenoticia.com.br\/noticia\/imagens\/pet-gato.jpg 1280w, https:\/\/migracao.redenoticia.com.br\/noticia\/imagens\/pet-gato-250x140.jpg 250w, https:\/\/migracao.redenoticia.com.br\/noticia\/imagens\/pet-gato-400x225.jpg 400w, https:\/\/migracao.redenoticia.com.br\/noticia\/imagens\/pet-gato-768x432.jpg 768w, https:\/\/migracao.redenoticia.com.br\/noticia\/imagens\/pet-gato-150x85.jpg 150w\" sizes=\"auto, (max-width: 1280px) 100vw, 1280px\" \/><\/p>\n<p>A <strong><em>esporotricose<\/em><\/strong> \u00e9 uma infec\u00e7\u00e3o cut\u00e2nea emergente, causada pelo S. brasilliensis, nova esp\u00e9cie de fungo pertencente ao g\u00eanero Sporothrix spp., por\u00e9m mais virulento e mais patog\u00eanico que as demais. Bem adaptado a um reservat\u00f3rio animal, o gato, levou a doen\u00e7a a tornar-se importante no territ\u00f3rio nacional e tamb\u00e9m em outros pa\u00edses da Am\u00e9rica Latina, como Argentina, Paraguai e Bol\u00edvia. No Brasil, somente cinco unidades federadas n\u00e3o relatam a detec\u00e7\u00e3o do agente em seu territ\u00f3rio (Acre, Roraima, Amap\u00e1, Cear\u00e1 e Mato Grosso do Sul). Em alguns estados como Rio de Janeiro, Minas Gerais, Pernambuco, Bahia a doen\u00e7a tomou dimens\u00f5es de surto\/epidemia e passou a ser de notifica\u00e7\u00e3o compuls\u00f3ria para humanos, apesar de ainda n\u00e3o ser de notifica\u00e7\u00e3o no pa\u00eds. Para os animais ainda n\u00e3o \u00e9 compuls\u00f3ria a notifica\u00e7\u00e3o.<\/p>\n<p>Os casos suspeitos, humanos ou animais, que muitas vezes est\u00e3o associados, devem ser comunicados ao servi\u00e7o p\u00fablico de sa\u00fade do munic\u00edpio. Como a doen\u00e7a n\u00e3o \u00e9 de notifica\u00e7\u00e3o compuls\u00f3ria no pa\u00eds, n\u00e3o h\u00e1 fluxos dispon\u00edveis para sua vigil\u00e2ncia no n\u00edvel nacional. Cada estado tem proposto fluxos e protocolos pr\u00f3prios. A notifica\u00e7\u00e3o possibilitar\u00e1 a investiga\u00e7\u00e3o epidemiol\u00f3gica, a implanta\u00e7\u00e3o de medidas preventivas e de controle e o real conhecimento da dimens\u00e3o da doen\u00e7a nos territ\u00f3rios.<\/p>\n<p>Os humanos suspeitos devem procurar a unidade de sa\u00fade mais pr\u00f3xima e relatar sobre o contato com animal suspeito, se houver. Para os animais suspeitos \u00e9 fundamental orientar quanto ao isolamento, realiza\u00e7\u00e3o do diagn\u00f3stico e, se for o caso, iniciar o tratamento imediato do animal.<\/p>\n<p>\u00c9 fundamental tomar as medidas preventivas ao manipular animais suspeitos. O uso de Equipamentos de Prote\u00e7\u00e3o Individual (EPI), m\u00e1scara, \u00f3culos, capote, luvas, e touca protege o profissional de poss\u00edveis infec\u00e7\u00f5es, que tamb\u00e9m podem ocorrer por meio de contato com secre\u00e7\u00f5es de animais doentes.<\/p>\n<p>Diagn\u00f3stico<\/p>\n<p>O diagn\u00f3stico no gato pode ser realizado por meio de citologia, uma vez que o gato alberga grande quantidade de fungo nas les\u00f5es, o que facilita a visualiza\u00e7\u00e3o do agente em l\u00e2minas coradas e examinadas ao microsc\u00f3pio \u00f3tico. A cultura \u00e9 considerada padr\u00e3o ouro e \u00e9 recomendada em caso de citologia negativa e tamb\u00e9m para outras esp\u00e9cies animais. O tratamento animal \u00e9 poss\u00edvel e pode ser efetivo. \u00c9 importante que seja iniciado o mais precocemente poss\u00edvel, considerando o car\u00e1ter invasivo deste agente e a possibilidade de causar doen\u00e7a sist\u00eamica, principalmente em gatos. As medidas preventivas s\u00e3o fundamentais, pois o animal tratado pode se re-infectar.<\/p>\n<p>\u00c9 poss\u00edvel realizar o controle da doen\u00e7a com preven\u00e7\u00e3o e o manejo correto de popula\u00e7\u00f5es animais, em especial os gatos, as principais v\u00edtimas, sendo a esp\u00e9cie mais vulner\u00e1vel e a principal fonte de infec\u00e7\u00e3o da esporotricose zoon\u00f3tica para outros animais e humanos. Por este motivo, o isolamento e tratamento adequado dos animais suspeitos s\u00e3o imprescind\u00edveis e \u00e9 fundamental a participa\u00e7\u00e3o da classe M\u00e9dica Veterin\u00e1ria.<\/p>\n<p>Cuidados<\/p>\n<p>Todos os profissionais de sa\u00fade (m\u00e9dicos, m\u00e9dicos-veterin\u00e1rios, zootecnistas, enfermeiros, agentes de sa\u00fade entre outros); tratadores de animais e popula\u00e7\u00e3o em geral devem ser informados sobre os riscos relacionados \u00e0 ocorr\u00eancia da doen\u00e7a, ao diagn\u00f3stico, tratamento e medidas preventivas, por\u00e9m de forma orientada para se evitar o p\u00e2nico, aumento de abandono e maus-tratos aos animais. Cuidados adicionais devem ser tomados pelos profissionais e tratadores de animais quanto ao uso de EPI adequado.<\/p>\n<p>Os cad\u00e1veres de animais suspeitos que vierem a \u00f3bito devem ser encaminhados para destino adequado. Recomenda-se a incinera\u00e7\u00e3o.<\/p>\n<p>Os tutores devem ser orientados a manter a sa\u00fade de seus pets em dia, com vacina\u00e7\u00e3o esp\u00e9cie-espec\u00edfica e vermifuga\u00e7\u00e3o. A castra\u00e7\u00e3o pode ser uma medida importante. O coito em gatos propicia a transmiss\u00e3o da esporotricose devido \u00e0s mordidas e garras infectadas, al\u00e9m das brigas por disputa de f\u00eameas. Dentre todas as medidas, manter o animal \u201cin door\u201d \u00e9 fundamental. Gatos que t\u00eam livre acesso \u00e0 rua t\u00eam at\u00e9 tr\u00eas vezes mais chance de adoecer por esporotricose.<\/p>\n<p>Al\u00e9m da restri\u00e7\u00e3o de acesso \u00e0 rua de todos os animais e do isolamento dos animais suspeitos durante todo o tratamento, a popula\u00e7\u00e3o em geral deve evitar a alimenta\u00e7\u00e3o de forma descontrolada de animais em espa\u00e7os p\u00fablicos. Esta a\u00e7\u00e3o atrai outros animais para a \u00e1rea, inclusive sinantr\u00f3picos; propicia a transmiss\u00e3o de doen\u00e7as; estimula a reprodu\u00e7\u00e3o levando ao aumento de animais em situa\u00e7\u00e3o de abandono. Tamb\u00e9m \u00e9 recomendada cautela e cuidado com animais desconhecidos, mesmo aparentemente sadios e amig\u00e1veis. Eles podem estar infectados e transmitir a doen\u00e7a acidentalmente.<\/p>\n<p>Controle<\/p>\n<p>O controle desta doen\u00e7a emergente requer a\u00e7\u00f5es de diferentes setores al\u00e9m da sa\u00fade, como o meio ambiente, respons\u00e1vel pela manuten\u00e7\u00e3o da fauna; o setor de educa\u00e7\u00e3o e o terceiro setor, fundamentais para que possamos idealizar e propor a\u00e7\u00f5es junto \u00e0 comunidade e tutores sobre o manejo de popula\u00e7\u00f5es animais e controle de doen\u00e7as; Minist\u00e9rio P\u00fablico e setores de fiscaliza\u00e7\u00e3o para a defini\u00e7\u00e3o e cumprimento de pol\u00edticas p\u00fablicas. Os conselhos de classe tamb\u00e9m s\u00e3o fundamentais na inser\u00e7\u00e3o de agendas que priorizem conhecimentos e participa\u00e7\u00e3o dos profissionais de sa\u00fade, bem como na fiscaliza\u00e7\u00e3o das atividades relacionadas ao exerc\u00edcio profissional dentro de padr\u00f5es t\u00e9cnicos e \u00e9ticos estabelecidos e na atua\u00e7\u00e3o das respectivas comiss\u00f5es. Como exemplos a Medicina Veterin\u00e1ria tem priorizado no Sistema CFMV\/CRMV as Comiss\u00f5es Nacional de Sa\u00fade P\u00fablica Veterin\u00e1ria (CNSPV\/CFMV) e de Bem-estar Animal (COBEA\/CFMV). Em Minas Gerais, \u00e1rea end\u00eamica, foi criada, em 2018, a Comiss\u00e3o de Enfrentamento da Esporotricose.<\/p>\n<p>Fontes: Jos\u00e9 Renato de Rezende Costa e N\u00e9lio Batista de Morais, integrante e presidente da CNSPV\/CFMV, respectivamente.<\/p>\n<p>Assessoria de Comunica\u00e7\u00e3o do CFMV<\/p>\n","protected":false},"excerpt":{"rendered":"<p>A esporotricose \u00e9 uma infec\u00e7\u00e3o cut\u00e2nea emergente, causada pelo S. brasilliensis, nova esp\u00e9cie de fungo pertencente ao g\u00eanero Sporothrix spp., por\u00e9m mais virulento e mais patog\u00eanico que as demais. Bem adaptado a um reservat\u00f3rio animal, o gato, levou a doen\u00e7a a tornar-se importante no territ\u00f3rio nacional e tamb\u00e9m em outros pa\u00edses da Am\u00e9rica Latina, como [&hellip;]<\/p>\n","protected":false},"author":2,"featured_media":195976,"comment_status":"closed","ping_status":"closed","sticky":false,"template":"","format":"standard","meta":{"tdm_status":"","tdm_grid_status":"","footnotes":""},"categories":[388,5],"tags":[559,523],"class_list":{"0":"post-196459","1":"post","2":"type-post","3":"status-publish","4":"format-standard","5":"has-post-thumbnail","7":"category-destaques","8":"category-saude-e-vida","9":"tag-noticia-saude","10":"tag-variedades"},"_links":{"self":[{"href":"https:\/\/migracao.redenoticia.com.br\/noticia\/wp-json\/wp\/v2\/posts\/196459","targetHints":{"allow":["GET"]}}],"collection":[{"href":"https:\/\/migracao.redenoticia.com.br\/noticia\/wp-json\/wp\/v2\/posts"}],"about":[{"href":"https:\/\/migracao.redenoticia.com.br\/noticia\/wp-json\/wp\/v2\/types\/post"}],"author":[{"embeddable":true,"href":"https:\/\/migracao.redenoticia.com.br\/noticia\/wp-json\/wp\/v2\/users\/2"}],"replies":[{"embeddable":true,"href":"https:\/\/migracao.redenoticia.com.br\/noticia\/wp-json\/wp\/v2\/comments?post=196459"}],"version-history":[{"count":0,"href":"https:\/\/migracao.redenoticia.com.br\/noticia\/wp-json\/wp\/v2\/posts\/196459\/revisions"}],"wp:featuredmedia":[{"embeddable":true,"href":"https:\/\/migracao.redenoticia.com.br\/noticia\/wp-json\/wp\/v2\/media\/195976"}],"wp:attachment":[{"href":"https:\/\/migracao.redenoticia.com.br\/noticia\/wp-json\/wp\/v2\/media?parent=196459"}],"wp:term":[{"taxonomy":"category","embeddable":true,"href":"https:\/\/migracao.redenoticia.com.br\/noticia\/wp-json\/wp\/v2\/categories?post=196459"},{"taxonomy":"post_tag","embeddable":true,"href":"https:\/\/migracao.redenoticia.com.br\/noticia\/wp-json\/wp\/v2\/tags?post=196459"}],"curies":[{"name":"wp","href":"https:\/\/api.w.org\/{rel}","templated":true}]}}