{"id":196462,"date":"2020-08-08T18:40:04","date_gmt":"2020-08-08T21:40:04","guid":{"rendered":"https:\/\/www.redenoticia.com.br\/noticia\/?p=196462"},"modified":"2020-08-08T19:21:38","modified_gmt":"2020-08-08T22:21:38","slug":"novela-eta-mundo-bom-sandra-reclama-de-claudinho-e-manda-araujo-plantar-batatas","status":"publish","type":"post","link":"https:\/\/migracao.redenoticia.com.br\/noticia\/2020\/novela-eta-mundo-bom-sandra-reclama-de-claudinho-e-manda-araujo-plantar-batatas\/196462","title":{"rendered":"Novela &#8220;Eta Mundo Bom&#8221;: Sandra reclama de Claudinho e manda Ara\u00fajo plantar batatas"},"content":{"rendered":"<p> <img loading=\"lazy\" decoding=\"async\" src=\"https:\/\/migracao.redenoticia.com.br\/noticia\/imagens\/eta-mundo-bom-resumo-novela-da-globo.jpg\" alt=\"\" width=\"1280\" height=\"720\" class=\"aligncenter size-full wp-image-195144\" srcset=\"https:\/\/migracao.redenoticia.com.br\/noticia\/imagens\/eta-mundo-bom-resumo-novela-da-globo.jpg 1280w, https:\/\/migracao.redenoticia.com.br\/noticia\/imagens\/eta-mundo-bom-resumo-novela-da-globo-250x140.jpg 250w, https:\/\/migracao.redenoticia.com.br\/noticia\/imagens\/eta-mundo-bom-resumo-novela-da-globo-400x225.jpg 400w, https:\/\/migracao.redenoticia.com.br\/noticia\/imagens\/eta-mundo-bom-resumo-novela-da-globo-768x432.jpg 768w, https:\/\/migracao.redenoticia.com.br\/noticia\/imagens\/eta-mundo-bom-resumo-novela-da-globo-150x85.jpg 150w, https:\/\/migracao.redenoticia.com.br\/noticia\/imagens\/eta-mundo-bom-resumo-novela-da-globo-696x392.jpg 696w, https:\/\/migracao.redenoticia.com.br\/noticia\/imagens\/eta-mundo-bom-resumo-novela-da-globo-1068x601.jpg 1068w\" sizes=\"auto, (max-width: 1280px) 100vw, 1280px\" \/><\/p>\n<p>Na novela <strong><em>&#8220;Eta Mundo Bom&#8221;<\/em><\/strong>, Maria (Bianca Bin) alerta Ara\u00fajo (Fl\u00e1vio Tolezani) que ele est\u00e1 sendo tra\u00eddo por Sandra (Fl\u00e1via Alessandra) e Ernesto (Eriberto Le\u00e3o). Ele n\u00e3o acredita, mas \u00e9 provocado por Celso (Rainer Cadete) e flagra o casal na cama, no apartamento do vil\u00e3o. Sandra mente e diz que est\u00e1 sendo chantageada, mas Ara\u00fajo n\u00e3o acredita: &#8220;Acha que sou t\u00e3o idiota a ponto de acreditar numa hist\u00f3ria dessas? Voc\u00ea est\u00e1 com ele, sim. H\u00e1 muito tempo&#8221;.<\/p>\n<p>Ernesto desmascara Sandra: &#8220;Todas as evid\u00eancias estavam nas suas m\u00e3os. No entanto, caiu na conversa de Sandra. \u00c9 um idiota&#8221;. O vil\u00e3o conta que os dois armaram para Ilde (Guilhermina Guinle) o flagrar com Sandra e ela completa: &#8220;Mas n\u00f3s lhe fizemos um favor. Ilde n\u00e3o gostava de seu filho. At\u00e9 chamava de trambolho &#8230; Acha que suporto aquele menino na cadeira de rodas? Eu me arrepiava \u00e0 ideia de morarmos juntos e eu ter que aguentar esse seu filho. Era a \u00faltima coisa que queria na vida, mas fingi&#8221;. <\/p>\n<p>Sandra diz que ele \u00e9 seu c\u00famplice no crime contra Anast\u00e1cia (Eliane Giardini), e que nada poder\u00e1 fazer contra ela: &#8220;Porque voc\u00ea, doutor Ara\u00fajo, \u00e9 um idiota. Agora, \u00e9 melhor que v\u00e1 embora. V\u00e1 plantar batatas!&#8221;.<\/p>\n<p>Os resumos dos cap\u00edtulos da novela &#8220;Eta Mundo Bom&#8221; destacam estas cenas para o m\u00eas de Agosto.<\/p>\n<p>Sinopse Novela &#8220;Eta Mundo Bom&#8221;: \u201cTudo o que acontece de ruim na vida da gente \u00e9 pra meior\u00e1\u201d. Esse \u00e9 o lema de Candinho (Sergio Guiz\u00e9), o mo\u00e7o bonito que guia a hist\u00f3ria de &#8220;\u00cata Mundo Bom!&#8221;. O destino insiste em pregar pe\u00e7as, mas com seu jeito otimista de ser, ele encara o dia a dia com humildade, generosidade e bom humor. A novela se passa no final dos anos 40 e tem no conto \u201cCandido ou o Otimismo\u201d, de Volatire, e no filme \u201cCandinho\u201d, estrelado por Am\u00e1cio Mazzaropi, suas  principais fontes de inspira\u00e7\u00e3o. <\/p>\n","protected":false},"excerpt":{"rendered":"<p>Na novela &#8220;Eta Mundo Bom&#8221;, Maria (Bianca Bin) alerta Ara\u00fajo (Fl\u00e1vio Tolezani) que ele est\u00e1 sendo tra\u00eddo por Sandra (Fl\u00e1via Alessandra) e Ernesto (Eriberto Le\u00e3o). Ele n\u00e3o acredita, mas \u00e9 provocado por Celso (Rainer Cadete) e flagra o casal na cama, no apartamento do vil\u00e3o. Sandra mente e diz que est\u00e1 sendo chantageada, mas Ara\u00fajo [&hellip;]<\/p>\n","protected":false},"author":2,"featured_media":195884,"comment_status":"closed","ping_status":"closed","sticky":false,"template":"","format":"standard","meta":{"tdm_status":"","tdm_grid_status":"","footnotes":""},"categories":[558,379,375,343],"tags":[440],"class_list":{"0":"post-196462","1":"post","2":"type-post","3":"status-publish","4":"format-standard","5":"has-post-thumbnail","7":"category-eta-mundo-bom","8":"category-novelas","9":"category-rede-globo","10":"category-televisao","11":"tag-noticia-novela"},"_links":{"self":[{"href":"https:\/\/migracao.redenoticia.com.br\/noticia\/wp-json\/wp\/v2\/posts\/196462","targetHints":{"allow":["GET"]}}],"collection":[{"href":"https:\/\/migracao.redenoticia.com.br\/noticia\/wp-json\/wp\/v2\/posts"}],"about":[{"href":"https:\/\/migracao.redenoticia.com.br\/noticia\/wp-json\/wp\/v2\/types\/post"}],"author":[{"embeddable":true,"href":"https:\/\/migracao.redenoticia.com.br\/noticia\/wp-json\/wp\/v2\/users\/2"}],"replies":[{"embeddable":true,"href":"https:\/\/migracao.redenoticia.com.br\/noticia\/wp-json\/wp\/v2\/comments?post=196462"}],"version-history":[{"count":0,"href":"https:\/\/migracao.redenoticia.com.br\/noticia\/wp-json\/wp\/v2\/posts\/196462\/revisions"}],"wp:featuredmedia":[{"embeddable":true,"href":"https:\/\/migracao.redenoticia.com.br\/noticia\/wp-json\/wp\/v2\/media\/195884"}],"wp:attachment":[{"href":"https:\/\/migracao.redenoticia.com.br\/noticia\/wp-json\/wp\/v2\/media?parent=196462"}],"wp:term":[{"taxonomy":"category","embeddable":true,"href":"https:\/\/migracao.redenoticia.com.br\/noticia\/wp-json\/wp\/v2\/categories?post=196462"},{"taxonomy":"post_tag","embeddable":true,"href":"https:\/\/migracao.redenoticia.com.br\/noticia\/wp-json\/wp\/v2\/tags?post=196462"}],"curies":[{"name":"wp","href":"https:\/\/api.w.org\/{rel}","templated":true}]}}