{"id":196539,"date":"2022-05-24T09:14:20","date_gmt":"2022-05-24T12:14:20","guid":{"rendered":"https:\/\/www.redenoticia.com.br\/noticia\/?p=196539"},"modified":"2022-05-24T22:00:02","modified_gmt":"2022-05-25T01:00:02","slug":"ceagesp-divulga-lista-de-produtos-com-os-precos-em-baixa-estaveis-ou-em-alta","status":"publish","type":"post","link":"https:\/\/migracao.redenoticia.com.br\/noticia\/2022\/ceagesp-divulga-lista-de-produtos-com-os-precos-em-baixa-estaveis-ou-em-alta\/196539","title":{"rendered":"CEAGESP divulga que lim\u00e3o siciliano e chuchu est\u00e3o com pre\u00e7os em baixa"},"content":{"rendered":"<p><img loading=\"lazy\" decoding=\"async\" class=\"aligncenter size-full wp-image-195966\" src=\"https:\/\/migracao.redenoticia.com.br\/noticia\/imagens\/horta-saude-frutas-legumes.jpg\" alt=\"\" width=\"1280\" height=\"720\" srcset=\"https:\/\/migracao.redenoticia.com.br\/noticia\/imagens\/horta-saude-frutas-legumes.jpg 1280w, https:\/\/migracao.redenoticia.com.br\/noticia\/imagens\/horta-saude-frutas-legumes-250x140.jpg 250w, https:\/\/migracao.redenoticia.com.br\/noticia\/imagens\/horta-saude-frutas-legumes-400x225.jpg 400w, https:\/\/migracao.redenoticia.com.br\/noticia\/imagens\/horta-saude-frutas-legumes-768x432.jpg 768w, https:\/\/migracao.redenoticia.com.br\/noticia\/imagens\/horta-saude-frutas-legumes-150x85.jpg 150w, https:\/\/migracao.redenoticia.com.br\/noticia\/imagens\/horta-saude-frutas-legumes-696x392.jpg 696w, https:\/\/migracao.redenoticia.com.br\/noticia\/imagens\/horta-saude-frutas-legumes-1068x601.jpg 1068w\" sizes=\"auto, (max-width: 1280px) 100vw, 1280px\" \/><\/p>\n<p>Semanalmente, a Se\u00e7\u00e3o de Economia e Desenvolvimento (SEDES) da Companhia de Entreposto e Armaz\u00e9ns Gerais de S\u00e3o Paulo (CEAGESP) prepara uma lista de produtos com os pre\u00e7os em baixa, est\u00e1veis ou em alta nos supermercados, lojas e feiras.<\/p>\n<p>Essa listagem serve para auxiliar as pessoas a economizarem mais na hora da compra, em todo o estado.<br \/>\nPode pechinchar. Lim\u00e3o siciliano e chuchu est\u00e3o com pre\u00e7os na baixa nesta semana.<\/p>\n<h3>Pre\u00e7o em Baixa<\/h3>\n<p>Abacate avocado, banana nanica, caqui rama forte, carambola, laranja lima, laranja pera, lima-da-p\u00e9rsia, lim\u00e3o taiti, lim\u00e3o siciliano, mam\u00e3o Formosa, mam\u00e3o papaya, melancia, maracuj\u00e1 doce, tangerina poncam, uva ni\u00e1gara, batata-doce rosada, chuchu, mandioca, pepino comum, piment\u00e3o verde, alface crespa, alface americana, milho verde e nabo.<\/p>\n<h3>Pre\u00e7o Est\u00e1vel<\/h3>\n<p>Abacate Fortuna, ameixa importada, atemoia, banana prata (SP), caqui giombo, fruta-do-conde (pinha), figo roxo, goiaba branca, goiaba vermelha, graviola, jaca, uva vit\u00f3ria, berinjela, car\u00e1, jil\u00f3 redondo, gengibre, inhame, pepino caipira, acelga, alho-por\u00f3, alface lisa, cebolinha, moyashi, rabanete, repolho verde, r\u00facula hidrop\u00f4nica, salsa, alho importado (argentino) e pinh\u00e3o.<\/p>\n<h3>Pre\u00e7o em Alta<\/h3>\n<p>Abacaxi p\u00e9rola, acerola, banana ma\u00e7\u00e3, banana prata (MG), coco verde, kiwi importado, ma\u00e7\u00e3 importada, ma\u00e7\u00e3 nacional, manga Tommy Atkins, maracuj\u00e1 azedo, morango, pera importada, uva it\u00e1lia e benitaka, ab\u00f3boras, abobrinha brasileira, abobrinha italiana, beterraba, cenoura, mandioquinha, piment\u00e3o amarelo\/vermelho, pepino japon\u00eas, quiabo liso, tomate pizzad\u2019oro, tomate Carmen, vagem macarr\u00e3o, agri\u00e3o, br\u00f3colos comum\/ninja, couve-flor, coentro, couve manteiga, escarola, espinafre, repolho roxo, alho nacional, batata lavada\/asterix, cebolas nacional\/importada e ovos brancos\/vermelhos.<\/p>\n","protected":false},"excerpt":{"rendered":"<p>Semanalmente, a Se\u00e7\u00e3o de Economia e Desenvolvimento (SEDES) da Companhia de Entreposto e Armaz\u00e9ns Gerais de S\u00e3o Paulo (CEAGESP) prepara uma lista de produtos com os pre\u00e7os em baixa, est\u00e1veis ou em alta nos supermercados, lojas e feiras. Essa listagem serve para auxiliar as pessoas a economizarem mais na hora da compra, em todo o [&hellip;]<\/p>\n","protected":false},"author":2,"featured_media":195975,"comment_status":"closed","ping_status":"closed","sticky":false,"template":"","format":"standard","meta":{"tdm_status":"","tdm_grid_status":"","footnotes":""},"categories":[388,7],"tags":[523],"class_list":{"0":"post-196539","1":"post","2":"type-post","3":"status-publish","4":"format-standard","5":"has-post-thumbnail","7":"category-destaques","8":"category-economia","9":"tag-variedades"},"_links":{"self":[{"href":"https:\/\/migracao.redenoticia.com.br\/noticia\/wp-json\/wp\/v2\/posts\/196539","targetHints":{"allow":["GET"]}}],"collection":[{"href":"https:\/\/migracao.redenoticia.com.br\/noticia\/wp-json\/wp\/v2\/posts"}],"about":[{"href":"https:\/\/migracao.redenoticia.com.br\/noticia\/wp-json\/wp\/v2\/types\/post"}],"author":[{"embeddable":true,"href":"https:\/\/migracao.redenoticia.com.br\/noticia\/wp-json\/wp\/v2\/users\/2"}],"replies":[{"embeddable":true,"href":"https:\/\/migracao.redenoticia.com.br\/noticia\/wp-json\/wp\/v2\/comments?post=196539"}],"version-history":[{"count":0,"href":"https:\/\/migracao.redenoticia.com.br\/noticia\/wp-json\/wp\/v2\/posts\/196539\/revisions"}],"wp:featuredmedia":[{"embeddable":true,"href":"https:\/\/migracao.redenoticia.com.br\/noticia\/wp-json\/wp\/v2\/media\/195975"}],"wp:attachment":[{"href":"https:\/\/migracao.redenoticia.com.br\/noticia\/wp-json\/wp\/v2\/media?parent=196539"}],"wp:term":[{"taxonomy":"category","embeddable":true,"href":"https:\/\/migracao.redenoticia.com.br\/noticia\/wp-json\/wp\/v2\/categories?post=196539"},{"taxonomy":"post_tag","embeddable":true,"href":"https:\/\/migracao.redenoticia.com.br\/noticia\/wp-json\/wp\/v2\/tags?post=196539"}],"curies":[{"name":"wp","href":"https:\/\/api.w.org\/{rel}","templated":true}]}}