{"id":196560,"date":"2020-08-08T18:11:21","date_gmt":"2020-08-08T21:11:21","guid":{"rendered":"https:\/\/www.redenoticia.com.br\/noticia\/?p=196560"},"modified":"2020-08-08T18:11:21","modified_gmt":"2020-08-08T21:11:21","slug":"resumo-novela-fina-estampa-10-08-beto-junior-publica-a-historia-de-esther","status":"publish","type":"post","link":"https:\/\/migracao.redenoticia.com.br\/noticia\/2020\/resumo-novela-fina-estampa-10-08-beto-junior-publica-a-historia-de-esther\/196560","title":{"rendered":"Resumo novela \u201cFina Estampa\u201d 10\/08: Beto Junior publica a hist\u00f3ria de Esther"},"content":{"rendered":"<p> <img loading=\"lazy\" decoding=\"async\" class=\"aligncenter size-full wp-image-190230\" src=\"https:\/\/migracao.redenoticia.com.br\/noticia\/imagens\/fina-estampa.jpg\" alt=\"\" width=\"800\" height=\"792\" srcset=\"https:\/\/migracao.redenoticia.com.br\/noticia\/imagens\/fina-estampa.jpg 800w, https:\/\/migracao.redenoticia.com.br\/noticia\/imagens\/fina-estampa-189x187.jpg 189w, https:\/\/migracao.redenoticia.com.br\/noticia\/imagens\/fina-estampa-303x300.jpg 303w, https:\/\/migracao.redenoticia.com.br\/noticia\/imagens\/fina-estampa-768x760.jpg 768w, https:\/\/migracao.redenoticia.com.br\/noticia\/imagens\/fina-estampa-150x150.jpg 150w, https:\/\/migracao.redenoticia.com.br\/noticia\/imagens\/fina-estampa-141x140.jpg 141w, https:\/\/migracao.redenoticia.com.br\/noticia\/imagens\/fina-estampa-86x85.jpg 86w, https:\/\/migracao.redenoticia.com.br\/noticia\/imagens\/fina-estampa-696x689.jpg 696w\" sizes=\"auto, (max-width: 800px) 100vw, 800px\" \/><\/p>\n<p><em><strong>Resumo novela \u201cFina Estampa\u201d 10\/08<\/strong><\/em>: no cap\u00edtulo 121(*) da novela, segunda-feira, 10 de agosto, jornalista publica a hist\u00f3ria de Esther. Teodora \u00e9 obrigada a andar com os seguran\u00e7as contratados por Griselda. Juan avisa a Let\u00edcia que ficar\u00e1 ao lado de Chiara para ajud\u00e1-la a manter o jejum. Griselda lembra do beijo em Guaracy. Celina garante que Beatriz ficar\u00e1 com Victoria. Ren\u00e9 diz que Tereza Cristina \u00e9 louca como a m\u00e3e e avisa que vai embora. Esther pede \u00e0 caseira de Itaipava que n\u00e3o conte a ningu\u00e9m sobre a sua presen\u00e7a. Paulo recebe os croquis da pr\u00f3xima cole\u00e7\u00e3o enviados por Esther.<\/p>\n<p>Cr\u00f4 sugere que Baltazar fa\u00e7a um v\u00eddeo para divulgar o CD de Solange. \u00c9 revelado que Anjo, Joe Maluco, Juan, Victor, Reinaldo e outros jogadores de v\u00f4lei possuem uma tatuagem de escorpi\u00e3o no tornozelo. Gl\u00f3ria procura Guaracy. Beto Junior publica a hist\u00f3ria de Esther e todos ficam alarmados. Danielle se apavora com a quantidade de rep\u00f3rteres em seu consult\u00f3rio.<\/p>\n<p>(*) edi\u00e7\u00e3o das novelas da Globo, \u201cFina Estampa\u201d, sujeito a altera\u00e7\u00e3o de data e conte\u00fado.<\/p>\n<p>Sinopse \u201cFina Estampa\u201d: A vi\u00fava Griselda, conhecida como Pereir\u00e3o, trabalha como faz-tudo para sustentar seus tr\u00eas filhos. J\u00e1 Tereza Cristina \u00e9 uma socialite que acredita ter a vida perfeita. Seus destinos se cruzam por acaso e tudo muda quando Griselda ganha 30 milh\u00f5es. <\/p>\n","protected":false},"excerpt":{"rendered":"<p>Resumo novela \u201cFina Estampa\u201d 10\/08: no cap\u00edtulo 121(*) da novela, segunda-feira, 10 de agosto, jornalista publica a hist\u00f3ria de Esther. Teodora \u00e9 obrigada a andar com os seguran\u00e7as contratados por Griselda. Juan avisa a Let\u00edcia que ficar\u00e1 ao lado de Chiara para ajud\u00e1-la a manter o jejum. Griselda lembra do beijo em Guaracy. Celina garante [&hellip;]<\/p>\n","protected":false},"author":2,"featured_media":195132,"comment_status":"closed","ping_status":"closed","sticky":false,"template":"","format":"standard","meta":{"tdm_status":"","tdm_grid_status":"","footnotes":""},"categories":[555,379,375,2025,343],"tags":[441],"class_list":{"0":"post-196560","1":"post","2":"type-post","3":"status-publish","4":"format-standard","5":"has-post-thumbnail","7":"category-fina-estampa","8":"category-novelas","9":"category-rede-globo","10":"category-resumo","11":"category-televisao","12":"tag-resumo-do-dia"},"_links":{"self":[{"href":"https:\/\/migracao.redenoticia.com.br\/noticia\/wp-json\/wp\/v2\/posts\/196560","targetHints":{"allow":["GET"]}}],"collection":[{"href":"https:\/\/migracao.redenoticia.com.br\/noticia\/wp-json\/wp\/v2\/posts"}],"about":[{"href":"https:\/\/migracao.redenoticia.com.br\/noticia\/wp-json\/wp\/v2\/types\/post"}],"author":[{"embeddable":true,"href":"https:\/\/migracao.redenoticia.com.br\/noticia\/wp-json\/wp\/v2\/users\/2"}],"replies":[{"embeddable":true,"href":"https:\/\/migracao.redenoticia.com.br\/noticia\/wp-json\/wp\/v2\/comments?post=196560"}],"version-history":[{"count":0,"href":"https:\/\/migracao.redenoticia.com.br\/noticia\/wp-json\/wp\/v2\/posts\/196560\/revisions"}],"wp:featuredmedia":[{"embeddable":true,"href":"https:\/\/migracao.redenoticia.com.br\/noticia\/wp-json\/wp\/v2\/media\/195132"}],"wp:attachment":[{"href":"https:\/\/migracao.redenoticia.com.br\/noticia\/wp-json\/wp\/v2\/media?parent=196560"}],"wp:term":[{"taxonomy":"category","embeddable":true,"href":"https:\/\/migracao.redenoticia.com.br\/noticia\/wp-json\/wp\/v2\/categories?post=196560"},{"taxonomy":"post_tag","embeddable":true,"href":"https:\/\/migracao.redenoticia.com.br\/noticia\/wp-json\/wp\/v2\/tags?post=196560"}],"curies":[{"name":"wp","href":"https:\/\/api.w.org\/{rel}","templated":true}]}}