{"id":196621,"date":"2020-08-10T19:06:15","date_gmt":"2020-08-10T22:06:15","guid":{"rendered":"https:\/\/www.redenoticia.com.br\/noticia\/?p=196621"},"modified":"2020-08-10T19:27:44","modified_gmt":"2020-08-10T22:27:44","slug":"resumo-novela-o-que-a-vida-me-roubou-11-08-josefina-chega-a-agua-azul","status":"publish","type":"post","link":"https:\/\/migracao.redenoticia.com.br\/noticia\/2020\/resumo-novela-o-que-a-vida-me-roubou-11-08-josefina-chega-a-agua-azul\/196621","title":{"rendered":"Resumo novela \u201cO Que A Vida Me Roubou\u201d 11\/08: Josefina chega \u00e0 \u00c1gua Azul"},"content":{"rendered":"<p> <img loading=\"lazy\" decoding=\"async\" class=\"aligncenter size-full wp-image-191122\" src=\"https:\/\/migracao.redenoticia.com.br\/noticia\/imagens\/o-que-a-vida-me-roubou-elenco.jpg\" alt=\"\" width=\"693\" height=\"576\" srcset=\"https:\/\/migracao.redenoticia.com.br\/noticia\/imagens\/o-que-a-vida-me-roubou-elenco.jpg 693w, https:\/\/migracao.redenoticia.com.br\/noticia\/imagens\/o-que-a-vida-me-roubou-elenco-225x187.jpg 225w, https:\/\/migracao.redenoticia.com.br\/noticia\/imagens\/o-que-a-vida-me-roubou-elenco-361x300.jpg 361w, https:\/\/migracao.redenoticia.com.br\/noticia\/imagens\/o-que-a-vida-me-roubou-elenco-168x140.jpg 168w, https:\/\/migracao.redenoticia.com.br\/noticia\/imagens\/o-que-a-vida-me-roubou-elenco-102x85.jpg 102w\" sizes=\"auto, (max-width: 693px) 100vw, 693px\" \/><\/p>\n<p><strong><em>Resumo da novela \u201cO Que A Vida Me Roubou\u201d<\/em><\/strong> em 11\/08: no cap\u00edtulo 082(*) da novela, ter\u00e7a-feira, 11 de agosto, Jos\u00e9 Lu\u00eds fala com Laurinho do casamento de sua m\u00e3e e o pequeno pede para chamar Jos\u00e9 de pai. Ele aceita. Ros\u00e1rio os observa sem ser vista. Dem\u00e9trio convida M\u00f4nica para o jantar de compromisso de Montserrat. Dem\u00e9trio pede a M\u00f4nica que ignore Graziela, pois sabe que ela n\u00e3o \u00e9 de seu agrado. M\u00f4nica e Dem\u00e9trio entram na casa e se cumprimentam. Dem\u00e9trio apresenta M\u00f4nica \u00e1 Carlota, que lhe d\u00e1 as boas-vindas. Alessandro segue no hospital muito confuso e sem poder assimilar que Montserrat est\u00e1 morta. Ele tem certeza que Pedro Medina foi quem atirou e espera que Jos\u00e9 Lu\u00eds j\u00e1 tenha feito justi\u00e7a, pois a amava tanto quanto ele. Alessandro tamb\u00e9m espera encontrar sua m\u00e3e e seu filho. Pedro chega a Buenos Aires e entra no apartamento de N\u00e1dia e Victor, enquanto este coloca Victoria para dormir. Pedro vai at\u00e9 N\u00e1dia e coloca um pano \u00famido em seu nariz para que ela desmaie. Ele agride Victor e foge para longe com a pequena Victoria. Carlota organiza um jantar para que Montserrat e Jos\u00e9 Lu\u00eds anunciem seu compromisso nupcial. Jos\u00e9 pede a Montserrat que se casem na igreja, pois seu sonho sempre foi esper\u00e1-la no altar.<\/p>\n<p>Montserrat fica insegura. Josefina chega \u00e0 \u00c1gua Azul procurando por Ros\u00e1rio e Laurinho para lhes oferecer sua ajuda, pois seguramente est\u00e3o passando por maus bocados. Dem\u00e9trio sai para ver quem o chama e ao abrir se assusta com a figura de Josefina. Ele a pergunta o que est\u00e1 fazendo ali. No hospital de Buenos Aires, Alessandro recebe indica\u00e7\u00f5es para sua reabilita\u00e7\u00e3o. Fazem v\u00e1rios exames nele para descartar qualquer tipo de complica\u00e7\u00e3o depois de ter estado tanto tempo em coma. Josefina procura Adolfo em seu apartamento para perguntar se ele sabe algo da m\u00e3e de Alessandro. Ele se recusa a ajud\u00e1-la sem que lhe d\u00ea algo em troca. Josefina se recusa a pagar e sai do local. Montserrat fala com sua tia Carlota sobre o medo que tem de que Laurinho v\u00e1 esquecendo seu pai, pois Jos\u00e9 Lu\u00eds j\u00e1 se transformou em um \u00eddolo para ele. Jose Lu\u00eds vai procurar Ezequiel para pedir que lhe d\u00ea o posto de chefe da pol\u00edcia e assim ele possa seguir investigando Pedro Medina, que a esta altura j\u00e1 \u00e9 o governador.<\/p>\n<p>Jos\u00e9 Lu\u00eds vai \u00e0 casa de Renato e Esmeralda para contar que se casar\u00e1 com Montserrat. Jose pergunta se Renato ainda anda estranho com Esmeralda. Ela responde que sim, j\u00e1 h\u00e1 v\u00e1rios dias, e que parece que ele n\u00e3o tem mais a menor vontade de voltar para a casa. Renato ouve e diz que est\u00e1 cheio das reclama\u00e7\u00f5es de Esmeralda. Jos\u00e9 Lu\u00eds pede que ela tenha paci\u00eancia. Pedro fala a Victoria que N\u00e1dia logo chegar\u00e1 para busc\u00e1-la e aceitar\u00e1 estar a seu lado como uma fam\u00edlia. A menina diz que ele n\u00e3o \u00e9 seu pai. Pedro fica furioso e violento e grita que \u00e9 o \u00fanico pai da garotinha. Jos\u00e9 Lu\u00eds Luis liga para Robledo e avisa que Ezequiel aceitou coloc\u00e1-lo no cargo de chefe da pol\u00edcia. Pedro informa a Am\u00e9lia que N\u00e1dia est\u00e1 viva e que sua filha Victoria est\u00e1 com ele. Am\u00e9lia o diz que isso \u00e9 uma grande loucura. Pedro grita que a menina \u00e9 sua filha e, portanto, \u00e9 seu direito estar com ela. Ele ainda informa que N\u00e1dia ficou cega ap\u00f3s o acidente.<\/p>\n<p>Graziela vai \u00e0 casa de Josefina para assim poder dizer seu motivo de voltar para \u00c1gua Azul. Josefina se surpreende e fica desconfiada com tamanha boa vontade de Graziela. Graziela fala com Josefina e pergunta se Alessandro est\u00e1 vivo. Ela responde que sim e fala de sua situa\u00e7\u00e3o. Graziela se surpreende ao saber que por todos esses anos Alessandro esteve em coma. Graziela pede a Josefina que n\u00e3o diga nada disso a Montserrat, pois ela est\u00e1 muito feliz ao lado de Jos\u00e9 Lu\u00eds. Am\u00e9lia fala com Victoria e lhe diz que deve portar-se bem para que Pedro n\u00e3o a machuque. Adolfo sai atr\u00e1s de uma prostituta que roubou sua carteira. Entre muitas mulheres ele encontra Maria. Surpreso ele se aproxima dela e a pede que suba em seu carro para lev\u00e1-la para casa. Maria o responde que se deseja que ela o acompanhe at\u00e9 sua casa, o programa sair\u00e1 mais caro. Adolfo a leva at\u00e9 sua casa e pede que ela descanse, pois d\u00e1 para perceber que ela est\u00e1 esgotada.<\/p>\n<p>(*) edi\u00e7\u00e3o das novelas do SBT, \u201cO Que A Vida Me Roubou\u201d, sujeito a altera\u00e7\u00e3o de data e conte\u00fado.<\/p>\n<p>Novela \u201cO Que A Vida Me Roubou\u201d: A hist\u00f3ria se passa em \u00c1gua Azul, onde Montserrat vive. Montserrat \u00e9 uma bela jovem socialite que sempre foi dominada por sua m\u00e3e Graziela, cuja \u00fanica preocupa\u00e7\u00e3o \u00e9 o seu elevado estatuto na sociedade, mesmo que a fam\u00edlia esteja financeiramente arruinada. Montserrat, apesar de fazer tudo o que sua m\u00e3e diz-lhe, secretamente mant\u00e9m um relacionamento com Jos\u00e9 Luis da marinha, com quem planeja se casar.<\/p>\n","protected":false},"excerpt":{"rendered":"<p>Resumo da novela \u201cO Que A Vida Me Roubou\u201d em 11\/08: no cap\u00edtulo 082(*) da novela, ter\u00e7a-feira, 11 de agosto, Jos\u00e9 Lu\u00eds fala com Laurinho do casamento de sua m\u00e3e e o pequeno pede para chamar Jos\u00e9 de pai. Ele aceita. Ros\u00e1rio os observa sem ser vista. Dem\u00e9trio convida M\u00f4nica para o jantar de compromisso [&hellip;]<\/p>\n","protected":false},"author":2,"featured_media":195879,"comment_status":"closed","ping_status":"closed","sticky":false,"template":"","format":"standard","meta":{"tdm_status":"","tdm_grid_status":"","footnotes":""},"categories":[379,2025,372,343],"tags":[441],"class_list":{"0":"post-196621","1":"post","2":"type-post","3":"status-publish","4":"format-standard","5":"has-post-thumbnail","7":"category-novelas","8":"category-resumo","9":"category-sbt","10":"category-televisao","11":"tag-resumo-do-dia"},"_links":{"self":[{"href":"https:\/\/migracao.redenoticia.com.br\/noticia\/wp-json\/wp\/v2\/posts\/196621","targetHints":{"allow":["GET"]}}],"collection":[{"href":"https:\/\/migracao.redenoticia.com.br\/noticia\/wp-json\/wp\/v2\/posts"}],"about":[{"href":"https:\/\/migracao.redenoticia.com.br\/noticia\/wp-json\/wp\/v2\/types\/post"}],"author":[{"embeddable":true,"href":"https:\/\/migracao.redenoticia.com.br\/noticia\/wp-json\/wp\/v2\/users\/2"}],"replies":[{"embeddable":true,"href":"https:\/\/migracao.redenoticia.com.br\/noticia\/wp-json\/wp\/v2\/comments?post=196621"}],"version-history":[{"count":0,"href":"https:\/\/migracao.redenoticia.com.br\/noticia\/wp-json\/wp\/v2\/posts\/196621\/revisions"}],"wp:featuredmedia":[{"embeddable":true,"href":"https:\/\/migracao.redenoticia.com.br\/noticia\/wp-json\/wp\/v2\/media\/195879"}],"wp:attachment":[{"href":"https:\/\/migracao.redenoticia.com.br\/noticia\/wp-json\/wp\/v2\/media?parent=196621"}],"wp:term":[{"taxonomy":"category","embeddable":true,"href":"https:\/\/migracao.redenoticia.com.br\/noticia\/wp-json\/wp\/v2\/categories?post=196621"},{"taxonomy":"post_tag","embeddable":true,"href":"https:\/\/migracao.redenoticia.com.br\/noticia\/wp-json\/wp\/v2\/tags?post=196621"}],"curies":[{"name":"wp","href":"https:\/\/api.w.org\/{rel}","templated":true}]}}