{"id":196668,"date":"2020-08-11T13:01:20","date_gmt":"2020-08-11T16:01:20","guid":{"rendered":"https:\/\/www.redenoticia.com.br\/noticia\/?p=196668"},"modified":"2020-08-11T13:22:54","modified_gmt":"2020-08-11T16:22:54","slug":"resumo-novela-eta-mundo-bom-12-08-anastacia-diz-nao-a-ernani-e-pede-pancracio-em-casamento","status":"publish","type":"post","link":"https:\/\/migracao.redenoticia.com.br\/noticia\/2020\/resumo-novela-eta-mundo-bom-12-08-anastacia-diz-nao-a-ernani-e-pede-pancracio-em-casamento\/196668","title":{"rendered":"Resumo novela \u201cEta Mundo Bom\u201d 12\/08: Anast\u00e1cia diz n\u00e3o a Ernani"},"content":{"rendered":"<p><img loading=\"lazy\" decoding=\"async\" class=\"aligncenter size-full wp-image-192794\" src=\"https:\/\/migracao.redenoticia.com.br\/noticia\/imagens\/eta-mundo-bom-fazenda.jpg\" alt=\"\" width=\"502\" height=\"460\" srcset=\"https:\/\/migracao.redenoticia.com.br\/noticia\/imagens\/eta-mundo-bom-fazenda.jpg 502w, https:\/\/migracao.redenoticia.com.br\/noticia\/imagens\/eta-mundo-bom-fazenda-204x187.jpg 204w, https:\/\/migracao.redenoticia.com.br\/noticia\/imagens\/eta-mundo-bom-fazenda-327x300.jpg 327w, https:\/\/migracao.redenoticia.com.br\/noticia\/imagens\/eta-mundo-bom-fazenda-153x140.jpg 153w, https:\/\/migracao.redenoticia.com.br\/noticia\/imagens\/eta-mundo-bom-fazenda-93x85.jpg 93w\" sizes=\"auto, (max-width: 502px) 100vw, 502px\" \/><\/p>\n<p><strong><em>Resumo novela \u201cEta Mundo Bom\u201d 12\/08<\/em><\/strong>: no cap\u00edtulo 078(*) da novela, quarta-feira, 12 de agosto, Candinho aconselha Anast\u00e1cia a pensar melhor antes de aceitar a proposta de casamento de Ernani. Sandra e Ernesto tramam contra Maria e Celso. Cunegundes e Quinzinho comemoram a volta de Pandolfo ao trabalho na fazenda. Mafalda provoca Z\u00e9 dos Porcos com Romeu. Um credor oferece comprar a loja de Severo para saldar suas d\u00edvidas. Diana acerta a venda da casa de Severo. Pirulito v\u00ea Sandra e Cara de C\u00e3o no ateli\u00ea de Ernesto. Anast\u00e1cia recusa a proposta de Ernani e pede Pancr\u00e1cio em casamento.<\/p>\n<p>Pancr\u00e1cio e Anast\u00e1cia decidem se casar e todos comemoram. Ernesto contrata Cara de C\u00e3o para atentar contra a vida de Maria. Filomena descobre que seu filho est\u00e1 para nascer. Ara\u00fajo conversa com Cl\u00e1udio sobre Sandra e Olga ouve. Candinho pede a Evandro que o ajude a conseguir um emprego na r\u00e1dio. Romeu e Z\u00e9 dos Porcos se enfrentam. Severo aceita vender sua loja ao credor. Braz e Diana revelam a Severo que se uniram para lhe dar um golpe. Severo passa mal.<\/p>\n<p>(*) edi\u00e7\u00e3o das novelas da Globo, \u201cEta Mundo Bom\u201d, sujeito a altera\u00e7\u00e3o de data e conte\u00fado.<\/p>\n<p>&#8220;Eta Mundo Bom&#8221; \u00e9 ambientada em 1948. A trama conta a hist\u00f3ria de Candinho (S\u00e9rgio Guiz\u00e9), que foi separado da m\u00e3e logo ap\u00f3s seu nascimento e foi acolhido pelo casal Cunegundes (Elizabeth Savalla) e Quinzinho (Ary Fontoura), donos da decadente fazenda Dom Pedro II, perto da cidade fict\u00edcia de Piracema, por volta dos anos 20.<\/p>\n","protected":false},"excerpt":{"rendered":"<p>Resumo novela \u201cEta Mundo Bom\u201d 12\/08: no cap\u00edtulo 078(*) da novela, quarta-feira, 12 de agosto, Candinho aconselha Anast\u00e1cia a pensar melhor antes de aceitar a proposta de casamento de Ernani. Sandra e Ernesto tramam contra Maria e Celso. Cunegundes e Quinzinho comemoram a volta de Pandolfo ao trabalho na fazenda. Mafalda provoca Z\u00e9 dos Porcos [&hellip;]<\/p>\n","protected":false},"author":4,"featured_media":195144,"comment_status":"closed","ping_status":"closed","sticky":false,"template":"","format":"standard","meta":{"tdm_status":"","tdm_grid_status":"","footnotes":""},"categories":[558,379,375,2025,343],"tags":[441],"class_list":{"0":"post-196668","1":"post","2":"type-post","3":"status-publish","4":"format-standard","5":"has-post-thumbnail","7":"category-eta-mundo-bom","8":"category-novelas","9":"category-rede-globo","10":"category-resumo","11":"category-televisao","12":"tag-resumo-do-dia"},"_links":{"self":[{"href":"https:\/\/migracao.redenoticia.com.br\/noticia\/wp-json\/wp\/v2\/posts\/196668","targetHints":{"allow":["GET"]}}],"collection":[{"href":"https:\/\/migracao.redenoticia.com.br\/noticia\/wp-json\/wp\/v2\/posts"}],"about":[{"href":"https:\/\/migracao.redenoticia.com.br\/noticia\/wp-json\/wp\/v2\/types\/post"}],"author":[{"embeddable":true,"href":"https:\/\/migracao.redenoticia.com.br\/noticia\/wp-json\/wp\/v2\/users\/4"}],"replies":[{"embeddable":true,"href":"https:\/\/migracao.redenoticia.com.br\/noticia\/wp-json\/wp\/v2\/comments?post=196668"}],"version-history":[{"count":0,"href":"https:\/\/migracao.redenoticia.com.br\/noticia\/wp-json\/wp\/v2\/posts\/196668\/revisions"}],"wp:featuredmedia":[{"embeddable":true,"href":"https:\/\/migracao.redenoticia.com.br\/noticia\/wp-json\/wp\/v2\/media\/195144"}],"wp:attachment":[{"href":"https:\/\/migracao.redenoticia.com.br\/noticia\/wp-json\/wp\/v2\/media?parent=196668"}],"wp:term":[{"taxonomy":"category","embeddable":true,"href":"https:\/\/migracao.redenoticia.com.br\/noticia\/wp-json\/wp\/v2\/categories?post=196668"},{"taxonomy":"post_tag","embeddable":true,"href":"https:\/\/migracao.redenoticia.com.br\/noticia\/wp-json\/wp\/v2\/tags?post=196668"}],"curies":[{"name":"wp","href":"https:\/\/api.w.org\/{rel}","templated":true}]}}