{"id":196735,"date":"2020-08-12T12:12:57","date_gmt":"2020-08-12T15:12:57","guid":{"rendered":"https:\/\/www.redenoticia.com.br\/noticia\/?p=196735"},"modified":"2020-08-12T19:04:51","modified_gmt":"2020-08-12T22:04:51","slug":"resumo-novela-o-que-a-vida-me-roubou-13-08-fabiola-recusa-dividir-sua-heranca-com-graziela","status":"publish","type":"post","link":"https:\/\/migracao.redenoticia.com.br\/noticia\/2020\/resumo-novela-o-que-a-vida-me-roubou-13-08-fabiola-recusa-dividir-sua-heranca-com-graziela\/196735","title":{"rendered":"Resumo novela \u201cO Que A Vida Me Roubou\u201d 13\/08: Fab\u00edola recusa dividir sua heran\u00e7a com Graziela"},"content":{"rendered":"<p><img loading=\"lazy\" decoding=\"async\" class=\"aligncenter size-full wp-image-191122\" src=\"https:\/\/migracao.redenoticia.com.br\/noticia\/imagens\/o-que-a-vida-me-roubou-elenco.jpg\" alt=\"\" width=\"693\" height=\"576\" srcset=\"https:\/\/migracao.redenoticia.com.br\/noticia\/imagens\/o-que-a-vida-me-roubou-elenco.jpg 693w, https:\/\/migracao.redenoticia.com.br\/noticia\/imagens\/o-que-a-vida-me-roubou-elenco-225x187.jpg 225w, https:\/\/migracao.redenoticia.com.br\/noticia\/imagens\/o-que-a-vida-me-roubou-elenco-361x300.jpg 361w, https:\/\/migracao.redenoticia.com.br\/noticia\/imagens\/o-que-a-vida-me-roubou-elenco-168x140.jpg 168w, https:\/\/migracao.redenoticia.com.br\/noticia\/imagens\/o-que-a-vida-me-roubou-elenco-102x85.jpg 102w\" sizes=\"auto, (max-width: 693px) 100vw, 693px\" \/><\/p>\n<p><strong><em>Resumo da novela \u201cO Que A Vida Me Roubou\u201d<\/em><\/strong> em 13\/08: no cap\u00edtulo 084(*) da novela, quinta-feira, 13 de agosto, Am\u00e9lia pede a Pedro que a permita levar a menina \u00e0s compras, mas ele n\u00e3o deixa. Am\u00e9lia insiste, dizendo que a menina precisa de vestidos e tamb\u00e9m de uma boneca. Victor e Alessandro conseguem o dinheiro para documentos falsos e assim poder voltar para a casa. O homem que havia prometido os documentos chega, saca uma navalha e diz que ambos jamais voltar\u00e3o para casa, pois essa \u00e9 a vontade de Pedro Medina. Am\u00e9lia vai atr\u00e1s de Jos\u00e9 Lu\u00eds para lhe dizer que N\u00e1dia est\u00e1 viva e que talvez Alessandro tamb\u00e9m esteja. Jos\u00e9 Lu\u00eds responde que, vivo ou morto, Alessandro n\u00e3o pode reaparecer assim na vida de Montserrat, como se nada tivesse acontecido. Am\u00e9lia o aconselha a pensar bem no que far\u00e1, pois Montserrat pode saber logo que Alessandro est\u00e1 vivo. Ela ressalta que \u00e9 prov\u00e1vel que N\u00e1dia, quando chegar a \u00c1gua Azul, conte a Montserrat. Montserrat fala com Josefina sobre sua volta e fica zangada por ela ter deixado seu irm\u00e3o justo no momento em que ele finalmente estava se apaixonando por ela, e disposto a tudo.<\/p>\n<p>Josefina a responde que precisava de um tempo para ela, e que agora sim est\u00e1 bem e preparada para um amor, que a cure as feridas do passado. Sandro discute com Fab\u00edola porque ela n\u00e3o aceita sentar-se para negociar com Graziela quanto \u00e0 fortuna de Benjamin. Fab\u00edola diz que a fortuna \u00e9 toda sua e n\u00e3o a dividir\u00e1 com ningu\u00e9m. Graziela, zangada, pede a Sandro que a leve a sua casa, amea\u00e7ando comprovar que seu neto \u00e9 um Almonte e tem parte nesse montante. M\u00f4nica pergunta a Renato que ocorreu para que ele tivesse essa atitude com Dem\u00e9trio, pois ela n\u00e3o quer ser um motivo de desgosto entre eles. Alessandro chega ao hospital, fica feliz ao ver Victor recuperado e pergunta se ele avisou N\u00e1dia do ocorrido. Victor o responde que N\u00e1dia n\u00e3o estava no apartamento, mas que antes levou sua roupa e uma boneca de Victoria. Ele diz que se preocupou, pois acredita que Pedro a obrigou a ir com ele. Alessandro o pede que se acalme e respire.<\/p>\n<p>(*) edi\u00e7\u00e3o das novelas do SBT, \u201cO Que A Vida Me Roubou\u201d, sujeito a altera\u00e7\u00e3o de data e conte\u00fado.<\/p>\n<p>Novela \u201cO Que A Vida Me Roubou\u201d: A hist\u00f3ria se passa em \u00c1gua Azul, onde Montserrat vive. Montserrat \u00e9 uma bela jovem socialite que sempre foi dominada por sua m\u00e3e Graziela, cuja \u00fanica preocupa\u00e7\u00e3o \u00e9 o seu elevado estatuto na sociedade, mesmo que a fam\u00edlia esteja financeiramente arruinada. Montserrat, apesar de fazer tudo o que sua m\u00e3e diz-lhe, secretamente mant\u00e9m um relacionamento com Jos\u00e9 Luis da marinha, com quem planeja se casar.<\/p>\n","protected":false},"excerpt":{"rendered":"<p>Resumo da novela \u201cO Que A Vida Me Roubou\u201d em 13\/08: no cap\u00edtulo 084(*) da novela, quinta-feira, 13 de agosto, Am\u00e9lia pede a Pedro que a permita levar a menina \u00e0s compras, mas ele n\u00e3o deixa. Am\u00e9lia insiste, dizendo que a menina precisa de vestidos e tamb\u00e9m de uma boneca. Victor e Alessandro conseguem o [&hellip;]<\/p>\n","protected":false},"author":4,"featured_media":195879,"comment_status":"closed","ping_status":"closed","sticky":false,"template":"","format":"standard","meta":{"tdm_status":"","tdm_grid_status":"","footnotes":""},"categories":[379,2025,372,343],"tags":[441],"class_list":{"0":"post-196735","1":"post","2":"type-post","3":"status-publish","4":"format-standard","5":"has-post-thumbnail","7":"category-novelas","8":"category-resumo","9":"category-sbt","10":"category-televisao","11":"tag-resumo-do-dia"},"_links":{"self":[{"href":"https:\/\/migracao.redenoticia.com.br\/noticia\/wp-json\/wp\/v2\/posts\/196735","targetHints":{"allow":["GET"]}}],"collection":[{"href":"https:\/\/migracao.redenoticia.com.br\/noticia\/wp-json\/wp\/v2\/posts"}],"about":[{"href":"https:\/\/migracao.redenoticia.com.br\/noticia\/wp-json\/wp\/v2\/types\/post"}],"author":[{"embeddable":true,"href":"https:\/\/migracao.redenoticia.com.br\/noticia\/wp-json\/wp\/v2\/users\/4"}],"replies":[{"embeddable":true,"href":"https:\/\/migracao.redenoticia.com.br\/noticia\/wp-json\/wp\/v2\/comments?post=196735"}],"version-history":[{"count":0,"href":"https:\/\/migracao.redenoticia.com.br\/noticia\/wp-json\/wp\/v2\/posts\/196735\/revisions"}],"wp:featuredmedia":[{"embeddable":true,"href":"https:\/\/migracao.redenoticia.com.br\/noticia\/wp-json\/wp\/v2\/media\/195879"}],"wp:attachment":[{"href":"https:\/\/migracao.redenoticia.com.br\/noticia\/wp-json\/wp\/v2\/media?parent=196735"}],"wp:term":[{"taxonomy":"category","embeddable":true,"href":"https:\/\/migracao.redenoticia.com.br\/noticia\/wp-json\/wp\/v2\/categories?post=196735"},{"taxonomy":"post_tag","embeddable":true,"href":"https:\/\/migracao.redenoticia.com.br\/noticia\/wp-json\/wp\/v2\/tags?post=196735"}],"curies":[{"name":"wp","href":"https:\/\/api.w.org\/{rel}","templated":true}]}}