{"id":196744,"date":"2020-08-12T12:52:54","date_gmt":"2020-08-12T15:52:54","guid":{"rendered":"https:\/\/www.redenoticia.com.br\/noticia\/?p=196744"},"modified":"2020-08-12T19:06:04","modified_gmt":"2020-08-12T22:06:04","slug":"resumo-novela-eta-mundo-bom-13-08-celso-e-atingido-ao-salvar-maria-de-ser-atropelada","status":"publish","type":"post","link":"https:\/\/migracao.redenoticia.com.br\/noticia\/2020\/resumo-novela-eta-mundo-bom-13-08-celso-e-atingido-ao-salvar-maria-de-ser-atropelada\/196744","title":{"rendered":"Resumo novela \u201cEta Mundo Bom\u201d 13\/08: Celso \u00e9 atingido ao salvar Maria de ser atropelada"},"content":{"rendered":"<p><img loading=\"lazy\" decoding=\"async\" class=\"aligncenter size-full wp-image-192794\" src=\"https:\/\/migracao.redenoticia.com.br\/noticia\/imagens\/eta-mundo-bom-fazenda.jpg\" alt=\"\" width=\"502\" height=\"460\" srcset=\"https:\/\/migracao.redenoticia.com.br\/noticia\/imagens\/eta-mundo-bom-fazenda.jpg 502w, https:\/\/migracao.redenoticia.com.br\/noticia\/imagens\/eta-mundo-bom-fazenda-204x187.jpg 204w, https:\/\/migracao.redenoticia.com.br\/noticia\/imagens\/eta-mundo-bom-fazenda-327x300.jpg 327w, https:\/\/migracao.redenoticia.com.br\/noticia\/imagens\/eta-mundo-bom-fazenda-153x140.jpg 153w, https:\/\/migracao.redenoticia.com.br\/noticia\/imagens\/eta-mundo-bom-fazenda-93x85.jpg 93w\" sizes=\"auto, (max-width: 502px) 100vw, 502px\" \/><\/p>\n<p><strong><em>Resumo novela \u201cEta Mundo Bom\u201d 13\/08<\/em><\/strong>: no cap\u00edtulo 079(*) da novela, quinta-feira, 13 de agosto, Braz humilha Diana, que pede abrigo a Paulina. Candinho se preocupa com o futuro de seu filho com Filomena. Braz prop\u00f5e se unir a Ilde. Maria explica a situa\u00e7\u00e3o de Severo para Celso, que promete lhe ajudar a cuidar do pai. Gerusa sofre por n\u00e3o perceber melhora em seu estado de sa\u00fade. Ernani se despede de Candinho e Anast\u00e1cia, e Pancr\u00e1cio tem uma crise de ci\u00fames. Maria e Celso instalam Severo em seu novo apartamento. Celso salva Maria de um acidente de carro, e acaba atingido.<\/p>\n<p>Maria acompanha Celso at\u00e9 o hospital. Pancr\u00e1cio avisa a Candinho que precisa conseguir dinheiro para pagar as despesas m\u00e9dicas de Celso. Sandra visita Cl\u00e1udio e Ara\u00fajo aprova sua atitude. Ernesto avisa a Sandra que Celso foi atingido no lugar de Maria. Maria pede que Anast\u00e1cia ajude seu pai. Cunegundes pensa em usar Sarita para afastar Z\u00e9 dos Porcos de Mafalda. Severo se recusa a aceitar a ajuda de Anast\u00e1cia. Anast\u00e1cia v\u00ea Pancr\u00e1cio disfar\u00e7ado de mulher. Maria amea\u00e7a Sandra.<\/p>\n<p>(*) edi\u00e7\u00e3o das novelas da Globo, \u201cEta Mundo Bom\u201d, sujeito a altera\u00e7\u00e3o de data e conte\u00fado.<\/p>\n<p>&#8220;Eta Mundo Bom&#8221; \u00e9 ambientada em 1948. A trama conta a hist\u00f3ria de Candinho (S\u00e9rgio Guiz\u00e9), que foi separado da m\u00e3e logo ap\u00f3s seu nascimento e foi acolhido pelo casal Cunegundes (Elizabeth Savalla) e Quinzinho (Ary Fontoura), donos da decadente fazenda Dom Pedro II, perto da cidade fict\u00edcia de Piracema, por volta dos anos 20.<\/p>\n","protected":false},"excerpt":{"rendered":"<p>Resumo novela \u201cEta Mundo Bom\u201d 13\/08: no cap\u00edtulo 079(*) da novela, quinta-feira, 13 de agosto, Braz humilha Diana, que pede abrigo a Paulina. Candinho se preocupa com o futuro de seu filho com Filomena. Braz prop\u00f5e se unir a Ilde. Maria explica a situa\u00e7\u00e3o de Severo para Celso, que promete lhe ajudar a cuidar do [&hellip;]<\/p>\n","protected":false},"author":4,"featured_media":195144,"comment_status":"closed","ping_status":"closed","sticky":false,"template":"","format":"standard","meta":{"tdm_status":"","tdm_grid_status":"","footnotes":""},"categories":[558,379,375,2025,343],"tags":[441],"class_list":{"0":"post-196744","1":"post","2":"type-post","3":"status-publish","4":"format-standard","5":"has-post-thumbnail","7":"category-eta-mundo-bom","8":"category-novelas","9":"category-rede-globo","10":"category-resumo","11":"category-televisao","12":"tag-resumo-do-dia"},"_links":{"self":[{"href":"https:\/\/migracao.redenoticia.com.br\/noticia\/wp-json\/wp\/v2\/posts\/196744","targetHints":{"allow":["GET"]}}],"collection":[{"href":"https:\/\/migracao.redenoticia.com.br\/noticia\/wp-json\/wp\/v2\/posts"}],"about":[{"href":"https:\/\/migracao.redenoticia.com.br\/noticia\/wp-json\/wp\/v2\/types\/post"}],"author":[{"embeddable":true,"href":"https:\/\/migracao.redenoticia.com.br\/noticia\/wp-json\/wp\/v2\/users\/4"}],"replies":[{"embeddable":true,"href":"https:\/\/migracao.redenoticia.com.br\/noticia\/wp-json\/wp\/v2\/comments?post=196744"}],"version-history":[{"count":0,"href":"https:\/\/migracao.redenoticia.com.br\/noticia\/wp-json\/wp\/v2\/posts\/196744\/revisions"}],"wp:featuredmedia":[{"embeddable":true,"href":"https:\/\/migracao.redenoticia.com.br\/noticia\/wp-json\/wp\/v2\/media\/195144"}],"wp:attachment":[{"href":"https:\/\/migracao.redenoticia.com.br\/noticia\/wp-json\/wp\/v2\/media?parent=196744"}],"wp:term":[{"taxonomy":"category","embeddable":true,"href":"https:\/\/migracao.redenoticia.com.br\/noticia\/wp-json\/wp\/v2\/categories?post=196744"},{"taxonomy":"post_tag","embeddable":true,"href":"https:\/\/migracao.redenoticia.com.br\/noticia\/wp-json\/wp\/v2\/tags?post=196744"}],"curies":[{"name":"wp","href":"https:\/\/api.w.org\/{rel}","templated":true}]}}